{"id":10315,"date":"2017-10-10T21:39:51","date_gmt":"2017-10-10T19:39:51","guid":{"rendered":"https:\/\/theworldwidejournal.com\/2017\/10\/10\/macron-veut-reconnaitre-le-statut-du-drapeau-europeen\/"},"modified":"2017-10-10T21:39:51","modified_gmt":"2017-10-10T19:39:51","slug":"macron-veut-reconnaitre-le-statut-du-drapeau-europeen","status":"publish","type":"post","link":"https:\/\/theworldwidejournal.com\/?p=10315","title":{"rendered":"Macron veut reconna\u00eetre le statut du drapeau europ\u00e9en"},"content":{"rendered":"<p>En r\u00e9ponse aux critiques \u00e9mises par Jean-Luc M\u00e9lenchon, Emmanuel Macron a annonc\u00e9 que la France allait reconna\u00eetre officiellement le statut de l\u2019\u00e9tendard europ\u00e9en.<br \/>\nVia: <a href=\"http:\/\/www.lemonde.fr\/politique\/article\/2017\/10\/10\/macron-veut-reconnaitre-le-statut-du-drapeau-europeen_5199031_823448.html?xtor=RSS-3208\" target=\"_blank\">Macron veut reconna\u00eetre le statut du drapeau europ\u00e9en<\/a><\/p>\n","protected":false},"excerpt":{"rendered":"<p>En r\u00e9ponse aux critiques \u00e9mises par Jean-Luc M\u00e9lenchon, Emmanuel Macron a annonc\u00e9 que la France allait reconna\u00eetre officiellement le statut de l\u2019\u00e9tendard europ\u00e9en. Via: Macron veut reconna\u00eetre le statut du drapeau europ\u00e9en<\/p>\n","protected":false},"author":2,"featured_media":0,"comment_status":"open","ping_status":"closed","sticky":false,"template":"","format":"standard","meta":{"footnotes":""},"categories":[4],"tags":[],"class_list":["post-10315","post","type-post","status-publish","format-standard","hentry","category-french"],"_links":{"self":[{"href":"https:\/\/theworldwidejournal.com\/index.php?rest_route=\/wp\/v2\/posts\/10315","targetHints":{"allow":["GET"]}}],"collection":[{"href":"https:\/\/theworldwidejournal.com\/index.php?rest_route=\/wp\/v2\/posts"}],"about":[{"href":"https:\/\/theworldwidejournal.com\/index.php?rest_route=\/wp\/v2\/types\/post"}],"author":[{"embeddable":true,"href":"https:\/\/theworldwidejournal.com\/index.php?rest_route=\/wp\/v2\/users\/2"}],"replies":[{"embeddable":true,"href":"https:\/\/theworldwidejournal.com\/index.php?rest_route=%2Fwp%2Fv2%2Fcomments&post=10315"}],"version-history":[{"count":0,"href":"https:\/\/theworldwidejournal.com\/index.php?rest_route=\/wp\/v2\/posts\/10315\/revisions"}],"wp:attachment":[{"href":"https:\/\/theworldwidejournal.com\/index.php?rest_route=%2Fwp%2Fv2%2Fmedia&parent=10315"}],"wp:term":[{"taxonomy":"category","embeddable":true,"href":"https:\/\/theworldwidejournal.com\/index.php?rest_route=%2Fwp%2Fv2%2Fcategories&post=10315"},{"taxonomy":"post_tag","embeddable":true,"href":"https:\/\/theworldwidejournal.com\/index.php?rest_route=%2Fwp%2Fv2%2Ftags&post=10315"}],"curies":[{"name":"wp","href":"https:\/\/api.w.org\/{rel}","templated":true}]}}