{"id":10356,"date":"2017-10-11T01:33:57","date_gmt":"2017-10-10T23:33:57","guid":{"rendered":"https:\/\/theworldwidejournal.com\/2017\/10\/11\/rajoy-activara-medidas-excepcionales-si-puigdemont-no-retira-la-declaracion\/"},"modified":"2017-10-11T01:33:57","modified_gmt":"2017-10-10T23:33:57","slug":"rajoy-activara-medidas-excepcionales-si-puigdemont-no-retira-la-declaracion","status":"publish","type":"post","link":"https:\/\/theworldwidejournal.com\/?p=10356","title":{"rendered":"Rajoy activar\u00e1 medidas excepcionales si Puigdemont no retira la declaraci\u00f3n"},"content":{"rendered":"<p>El Gobierno y dirigentes del m\u00e1ximo nivel del PSOE llevan d\u00edas debatiendo c\u00f3mo aplicar el art\u00edculo 155 de la Constituci\u00f3n, seg\u00fan fuentes gubernamentales consultadas por EL PA\u00cdS. En ese estudio se contempla la posibilidad de que el Gobierno central asuma temporalmente las funciones de la Generalitat, siempre que el presidente, Carles Puigdemont, no acepte la retirada definitiva de la declaraci\u00f3n de independencia. La decisi\u00f3n final qued\u00f3 en manos de la reuni\u00f3n mantenida anoche entre Rajoy y S\u00e1nchez y que hoy ser\u00e1 explicada por el presidente a su gobierno en el Consejo de Ministros extraordinario convocado a las nueve de la ma\u00f1ana. Desde el Ejecutivo no se descarta tampoco la presentaci\u00f3n de un recurso ante el Tribunal Constitucional contra la declaraci\u00f3n de independencia de Puigdemont, una medida que se describe como \u201ccompatible\u201d con la activaci\u00f3n del art\u00edculo 155.Seguir leyendo.<br \/>\nVia: <a href=\"https:\/\/elpais.com\/politica\/2017\/10\/10\/actualidad\/1507627100_492399.html#?ref=rss&#038;format=simple&#038;link=link\" target=\"_blank\">Rajoy activar\u00e1 medidas excepcionales si Puigdemont no retira la declaraci\u00f3n<\/a><\/p>\n","protected":false},"excerpt":{"rendered":"<p>El Gobierno y dirigentes del m\u00e1ximo nivel del PSOE llevan d\u00edas debatiendo c\u00f3mo aplicar el art\u00edculo 155 de la Constituci\u00f3n, seg\u00fan fuentes gubernamentales consultadas por EL PA\u00cdS. En ese estudio se contempla la posibilidad de que el Gobierno central asuma temporalmente las funciones de la Generalitat, siempre que el presidente, [&hellip;]<\/p>\n","protected":false},"author":2,"featured_media":0,"comment_status":"open","ping_status":"closed","sticky":false,"template":"","format":"standard","meta":{"footnotes":""},"categories":[6],"tags":[],"class_list":["post-10356","post","type-post","status-publish","format-standard","hentry","category-spanish"],"_links":{"self":[{"href":"https:\/\/theworldwidejournal.com\/index.php?rest_route=\/wp\/v2\/posts\/10356","targetHints":{"allow":["GET"]}}],"collection":[{"href":"https:\/\/theworldwidejournal.com\/index.php?rest_route=\/wp\/v2\/posts"}],"about":[{"href":"https:\/\/theworldwidejournal.com\/index.php?rest_route=\/wp\/v2\/types\/post"}],"author":[{"embeddable":true,"href":"https:\/\/theworldwidejournal.com\/index.php?rest_route=\/wp\/v2\/users\/2"}],"replies":[{"embeddable":true,"href":"https:\/\/theworldwidejournal.com\/index.php?rest_route=%2Fwp%2Fv2%2Fcomments&post=10356"}],"version-history":[{"count":0,"href":"https:\/\/theworldwidejournal.com\/index.php?rest_route=\/wp\/v2\/posts\/10356\/revisions"}],"wp:attachment":[{"href":"https:\/\/theworldwidejournal.com\/index.php?rest_route=%2Fwp%2Fv2%2Fmedia&parent=10356"}],"wp:term":[{"taxonomy":"category","embeddable":true,"href":"https:\/\/theworldwidejournal.com\/index.php?rest_route=%2Fwp%2Fv2%2Fcategories&post=10356"},{"taxonomy":"post_tag","embeddable":true,"href":"https:\/\/theworldwidejournal.com\/index.php?rest_route=%2Fwp%2Fv2%2Ftags&post=10356"}],"curies":[{"name":"wp","href":"https:\/\/api.w.org\/{rel}","templated":true}]}}