{"id":10357,"date":"2017-10-11T01:04:19","date_gmt":"2017-10-10T23:04:19","guid":{"rendered":"https:\/\/theworldwidejournal.com\/2017\/10\/11\/el-psoe-censura-que-cataluna-queda-en-una-absoluta-ingobernabilidad\/"},"modified":"2017-10-11T01:04:19","modified_gmt":"2017-10-10T23:04:19","slug":"el-psoe-censura-que-cataluna-queda-en-una-absoluta-ingobernabilidad","status":"publish","type":"post","link":"https:\/\/theworldwidejournal.com\/?p=10357","title":{"rendered":"El PSOE censura que Catalu\u00f1a queda en una \u201cabsoluta ingobernabilidad\u201d"},"content":{"rendered":"<p>\u201cNo sabemos a qu\u00e9 atenernos\u201d, admiti\u00f3 el n\u00famero tresdel PSOE pasadas las once y media de la noche en su comparecencia en la sede del partido en la calle Ferraz de Madrid, mientras el secretario general, Pedro S\u00e1nchez, segu\u00eda en La Moncloa reunido con el presidente del Gobierno, Mariano Rajoy. La direcci\u00f3n socialista reconoci\u00f3 sus dudas sobre lo sucedido en el Parlament y sobre si se hab\u00eda declarado o no una declaraci\u00f3n unilateral de independencia. \u201c\u00bfLa hay o no la hay?\u201d, se pregunt\u00f3 el secretario de Organizaci\u00f3n. Pero la c\u00fapula del PSOE s\u00ed tuvo claro, no obstante, que la apelaci\u00f3n al di\u00e1logo hecha por Puigdemont no era franca y que Catalu\u00f1a afrontaba una \u201ccrisis de gobernabilidad\u201d toda vez que no se conoce bajo qu\u00e9 legalidad act\u00faa el Gobierno catal\u00e1n.Seguir leyendo.<br \/>\nVia: <a href=\"https:\/\/elpais.com\/politica\/2017\/10\/10\/actualidad\/1507639994_103053.html#?ref=rss&#038;format=simple&#038;link=link\" target=\"_blank\">El PSOE censura que Catalu\u00f1a queda en una \u201cabsoluta ingobernabilidad\u201d<\/a><\/p>\n","protected":false},"excerpt":{"rendered":"<p>\u201cNo sabemos a qu\u00e9 atenernos\u201d, admiti\u00f3 el n\u00famero tresdel PSOE pasadas las once y media de la noche en su comparecencia en la sede del partido en la calle Ferraz de Madrid, mientras el secretario general, Pedro S\u00e1nchez, segu\u00eda en La Moncloa reunido con el presidente del Gobierno, Mariano Rajoy. [&hellip;]<\/p>\n","protected":false},"author":2,"featured_media":0,"comment_status":"open","ping_status":"closed","sticky":false,"template":"","format":"standard","meta":{"footnotes":""},"categories":[6],"tags":[],"class_list":["post-10357","post","type-post","status-publish","format-standard","hentry","category-spanish"],"_links":{"self":[{"href":"https:\/\/theworldwidejournal.com\/index.php?rest_route=\/wp\/v2\/posts\/10357","targetHints":{"allow":["GET"]}}],"collection":[{"href":"https:\/\/theworldwidejournal.com\/index.php?rest_route=\/wp\/v2\/posts"}],"about":[{"href":"https:\/\/theworldwidejournal.com\/index.php?rest_route=\/wp\/v2\/types\/post"}],"author":[{"embeddable":true,"href":"https:\/\/theworldwidejournal.com\/index.php?rest_route=\/wp\/v2\/users\/2"}],"replies":[{"embeddable":true,"href":"https:\/\/theworldwidejournal.com\/index.php?rest_route=%2Fwp%2Fv2%2Fcomments&post=10357"}],"version-history":[{"count":0,"href":"https:\/\/theworldwidejournal.com\/index.php?rest_route=\/wp\/v2\/posts\/10357\/revisions"}],"wp:attachment":[{"href":"https:\/\/theworldwidejournal.com\/index.php?rest_route=%2Fwp%2Fv2%2Fmedia&parent=10357"}],"wp:term":[{"taxonomy":"category","embeddable":true,"href":"https:\/\/theworldwidejournal.com\/index.php?rest_route=%2Fwp%2Fv2%2Fcategories&post=10357"},{"taxonomy":"post_tag","embeddable":true,"href":"https:\/\/theworldwidejournal.com\/index.php?rest_route=%2Fwp%2Fv2%2Ftags&post=10357"}],"curies":[{"name":"wp","href":"https:\/\/api.w.org\/{rel}","templated":true}]}}