{"id":10360,"date":"2017-10-11T05:50:51","date_gmt":"2017-10-11T03:50:51","guid":{"rendered":"https:\/\/theworldwidejournal.com\/?p=10360"},"modified":"2017-10-11T05:50:51","modified_gmt":"2017-10-11T03:50:51","slug":"todo-listo-para-celebrar-la-fiesta-nacional-orgullosos-de-ser-espanoles","status":"publish","type":"post","link":"https:\/\/theworldwidejournal.com\/?p=10360","title":{"rendered":"Todo listo para celebrar la Fiesta Nacional: \u00abOrgullosos de ser espa\u00f1oles\u00bb"},"content":{"rendered":"<p>\u00abOrgullosos de ser espa\u00f1oles\u00bb. Este es el lema escogido por el Ministerio de Defensa para celebrar el D\u00eda de la Fiesta Nacional ma\u00f1ana, una jornada que se prev\u00e9 hist\u00f3rica tras los acontecimientos de la \u00faltima semana y la multitudinaria manifestaci\u00f3n del domingo a favor de la Constituci\u00f3n y de la unidad de Espa\u00f1a en las calles de Barcelona. Para ello, tal y como avanz\u00f3 ABC, Defensa ha querido modificar el recorrido del desfile militar para hacerlo m\u00e1s accesible a la ciudadan\u00eda, que se concentrar\u00e1 antes de las 11 horas en torno al eje del Paseo de la Castellana, con el desfile terrestre entre la plaza de Cuzco y la calle Raimundo Fern\u00e1ndez Villaverde. En total, 1,8 kil\u00f3metros sobre los que desfilar\u00e1n 3.900 militares, guardias civiles y polic\u00edas nacionales, con 84 veh\u00edculos y 78 aviones. La tribuna de autoridades, presidida por Sus Majestades los Reyes acompa\u00f1ados por la Princesa de Asturias y la infanta Sof\u00eda, se situar\u00e1 en la plaza de Lima, junto al estadio Santiago Bernab\u00e9u. He aqu\u00ed algunas claves del desfile militar en el D\u00eda de la Fiesta Nacional: D\u00eda de la Fiesta Nacional No. En Espa\u00f1a no se celebra oficialmente el D\u00eda de la Hispanidad. T\u00e9cnica y legalmente este d\u00eda es reconocido como el d\u00eda de la Fiesta Nacional de Espa\u00f1a, tal y como recoge la Ley 18\/1987 impulsada por el Gobierno del entonces presidente Felipe Gonz\u00e1lez. \u00abLa fecha elegida, el 12 de octubre, simboliza la efem\u00e9ride hist\u00f3rica en la que Espa\u00f1a, a punto de concluir un proceso de construcci\u00f3n del Estado a partir de nuestra pluralidad cultural y pol\u00edtica, y la integraci\u00f3n de los Reinos de Espa\u00f1a en una misma Monarqu\u00eda, inicia un per\u00edodo de proyecci\u00f3n ling\u00fc\u00edstica y cultural m\u00e1s all\u00e1 de los l\u00edmites europeos\u00bb, tal y como se reconoce en la exposici\u00f3n de motivos de la citada Ley. El desfile militar de ma\u00f1ana tampoco debe confundirse con el del D\u00eda de las Fuerzas Armadas, otra efem\u00e9ride regulada que se celebra a finales de mayo o principios de junio. \u00bfQu\u00e9 se ver\u00e1 en el desfile militar terrestre? El general de la Brigada Almog\u00e1vares VI de Paracaidistas, Alfredo P\u00e9rez de Aguado, es este a\u00f1o el encargado de la organizaci\u00f3n. En total, 3.900 efectivos desfilar\u00e1n, correspondientes a unidades a caballo, unidades a pie, una columna motorizada (aqu\u00ed desfilar\u00e1n Guardia Civil y Polic\u00eda Nacional), donde tambi\u00e9n se rendir\u00e1 tributo a misiones internacionales como las de Irak, Afganist\u00e1n, L\u00edbano, Mal\u00ed y la operaci\u00f3n Atalanta. La duraci\u00f3n aproximada del desfile terrestre ser\u00e1 de 35 minutos. Esta parada militar no contar\u00e1 con material pesado. Es decir, no desfilar\u00e1n ni carros de combate Leopardo o Pizarro u otros veh\u00edculos militares. Desde el Ministerio de Defensa se alega que ese tipo de escenograf\u00eda se reserva para el D\u00eda de las Fuerzas Armadas. Desfile a\u00e9reo Un total de 78 aeronaves desfilar\u00e1n por el mismo eje de Madrid, hasta la plaza de Castilla. Un cl\u00e1sico en este desfile es la Patrulla \u00c1guila, que ti\u00f1e con los colores de la Bandera el cielo. Entre las estrellas del desfile a\u00e9reo se encuentran el avi\u00f3n de transporte militar A400M, los cazas Eurofighter o F-18, los aviones apagafuegos del Grupo 43 del Ej\u00e9rcito del Aire o los Harrier de la Armada Espa\u00f1ola y los helic\u00f3pteros Chinook del Ej\u00e9rcito de Tierra. (Hay m\u00e1s variedades de aparatos). 17-A: atentado de Catalu\u00f1a Defensa ha querido que el desfile del 12-O rinda un homenaje a las 16 personas que fallecieron en Barcelona y Cambrils (Tarragona) el pasado 17 de agosto. Los familiares estar\u00e1 representados por los embajadores de sus pa\u00edses de origen: Argentina, B\u00e9lgica, Canad\u00e1, Estados Unidos (en este caso su encargado de negocios, al no ser nombrado a\u00fan), Alemania, Italia, Portugal, Reino Unido y Australia. Al acto de recuerdo a los ca\u00eddos se unir\u00e1n representantes de la Fundaci\u00f3n y de la Asociaci\u00f3n de V\u00edctimas del Terrorismo y un familiar de Ignacio Echeverr\u00eda, el joven asesinado en Londres cuando intentaba socorrer a un polic\u00eda brit\u00e1nico durante el ataque yihadista del pasado 3 de junio. De igual modo, en el desfile participar\u00e1 la bandera del L\u00edbano para agradecer que su Ej\u00e9rcito homenajeara a las v\u00edctimas del atentado de Catalu\u00f1a cuando onde\u00f3 su ense\u00f1a junto a la espa\u00f1ola. Homenaje a los Tercios Con uniformes de \u00e9poca -utilizados algunos en la pel\u00edcula \u00abEl capit\u00e1n Alatriste\u00bb- desfilar\u00e1 una unidad hist\u00f3rica para conmemorar el 450 aniversario del Camino Espa\u00f1ol, el corredor de 1.100 kil\u00f3metros que los Tercios abrieron entre Mil\u00e1n y Bruselas y cuyo objetivo principal era mantener conectados los Pa\u00edses Bajos Espa\u00f1oles con el centro de la Monarqu\u00eda hisp\u00e1nica. Se mantuvo abierto de 1567 a 1634. Francia, presente Francia tendr\u00e1 una representaci\u00f3n especial en el desfile con 120 gendarmes, que se instruyen en estos momentos en las instalaciones de la Guardia Civil en Valdemoro (Madrid) en la lucha contra el yihadismo. 112 actos en toda Espa\u00f1a El Ministerio de Defensa ha organizado diversos actos militares en ciudades por toda la geograf\u00eda nacional: juras de bandera, conciertos, exposiciones, izados y arriados solemnes de Bandera, actividades deportivas y culturales&#8230; Adem\u00e1s, el Museo del Prado, el Reina Sof\u00eda y el Thyssen tendr\u00e1n acceso libre. Otros museos de gesti\u00f3n estatal en la capital tambi\u00e9n tendr\u00e1n entrada gratuita: Museo Sorolla, Museo Nacional de Antropolog\u00eda, Museo del Romanticismo, Museo de Am\u00e9rica, Museo del Traje, Museo Nacional de Artes Decorativas, Museo Cerralbo y Museo Arqueol\u00f3gico Nacional.<br \/>\nVia: <a href=\"http:\/\/www.abc.es\/espana\/abci-todo-listo-para-celebrar-fiesta-nacional-orgullosos-espanoles-201710110350_noticia.html\" target=\"_blank\">Todo listo para celebrar la Fiesta Nacional: \u00abOrgullosos de ser espa\u00f1oles\u00bb<\/a><\/p>\n","protected":false},"excerpt":{"rendered":"<p>\u00abOrgullosos de ser espa\u00f1oles\u00bb. Este es el lema escogido por el Ministerio de Defensa para celebrar el D\u00eda de la Fiesta Nacional ma\u00f1ana, una jornada que se prev\u00e9 hist\u00f3rica tras los acontecimientos de la \u00faltima semana y la multitudinaria manifestaci\u00f3n del domingo a favor de la Constituci\u00f3n y de la [&hellip;]<\/p>\n","protected":false},"author":2,"featured_media":10361,"comment_status":"open","ping_status":"closed","sticky":false,"template":"","format":"standard","meta":{"footnotes":""},"categories":[6],"tags":[],"class_list":["post-10360","post","type-post","status-publish","format-standard","has-post-thumbnail","hentry","category-spanish"],"_links":{"self":[{"href":"https:\/\/theworldwidejournal.com\/index.php?rest_route=\/wp\/v2\/posts\/10360","targetHints":{"allow":["GET"]}}],"collection":[{"href":"https:\/\/theworldwidejournal.com\/index.php?rest_route=\/wp\/v2\/posts"}],"about":[{"href":"https:\/\/theworldwidejournal.com\/index.php?rest_route=\/wp\/v2\/types\/post"}],"author":[{"embeddable":true,"href":"https:\/\/theworldwidejournal.com\/index.php?rest_route=\/wp\/v2\/users\/2"}],"replies":[{"embeddable":true,"href":"https:\/\/theworldwidejournal.com\/index.php?rest_route=%2Fwp%2Fv2%2Fcomments&post=10360"}],"version-history":[{"count":0,"href":"https:\/\/theworldwidejournal.com\/index.php?rest_route=\/wp\/v2\/posts\/10360\/revisions"}],"wp:featuredmedia":[{"embeddable":true,"href":"https:\/\/theworldwidejournal.com\/index.php?rest_route=\/wp\/v2\/media\/10361"}],"wp:attachment":[{"href":"https:\/\/theworldwidejournal.com\/index.php?rest_route=%2Fwp%2Fv2%2Fmedia&parent=10360"}],"wp:term":[{"taxonomy":"category","embeddable":true,"href":"https:\/\/theworldwidejournal.com\/index.php?rest_route=%2Fwp%2Fv2%2Fcategories&post=10360"},{"taxonomy":"post_tag","embeddable":true,"href":"https:\/\/theworldwidejournal.com\/index.php?rest_route=%2Fwp%2Fv2%2Ftags&post=10360"}],"curies":[{"name":"wp","href":"https:\/\/api.w.org\/{rel}","templated":true}]}}