{"id":10364,"date":"2017-10-11T03:32:50","date_gmt":"2017-10-11T01:32:50","guid":{"rendered":"https:\/\/theworldwidejournal.com\/2017\/10\/11\/santana-lopes-vs-rui-rio-duelo-por-la-presidencia-de-los-conservadores-portugueses\/"},"modified":"2017-10-11T03:32:50","modified_gmt":"2017-10-11T01:32:50","slug":"santana-lopes-vs-rui-rio-duelo-por-la-presidencia-de-los-conservadores-portugueses","status":"publish","type":"post","link":"https:\/\/theworldwidejournal.com\/?p=10364","title":{"rendered":"Santana Lopes vs. Rui Rio: duelo por la presidencia de los conservadores portugueses"},"content":{"rendered":"<p>Se confirm\u00f3 la sorpresa en Portugal: el hist\u00f3rico Pedro Santana Lopes vuelve al primer plano y se presenta como candidato a la presidencia de los conservadores. El terreno abonado de la renuncia de Passos Coelho a la reelecci\u00f3n ha catapultado al ex primer ministro, en busca de reverdecer laureles a sus 61 a\u00f1os. La debacle del PSD en las elecciones municipales del 1 de octubre ha disparado los movimientos en el seno del partido, consciente de que debe actuar con rapidez si no quiere ser barrido por los socialistas, cada vez m\u00e1s s\u00f3lidos en su posici\u00f3n y menos dependientes de sus socios radicales. Solo falta saber en qu\u00e9 momento exacto dar\u00e1 a conocer sus intenciones quien fue relevo de Durao Barroso cuando dio el salto a Bruselas, aunque no ha de demorarse mucho porque su gran rival, Rui Rio, ya tiene lista su candidatura y la difunde este mi\u00e9rcoles 11 de octubre en Aveiro. Ah\u00ed est\u00e1, precisamente, una de las grandes bazas de Santana Lopes: el \u00e1rea de influencia del ex alcalde de Oporto se circunscribe al norte del pa\u00eds, mientras que la base conservadora de Lisboa planea cerrar filas en torno a esta figura \u2018resucitada\u2019 cuyo indudable tir\u00f3n ha dejado por el camino a los dos aspirantes m\u00e1s continuistas: Paulo Rangel y Lu\u00eds Montenegro. Rui Rio cuenta con el aval de algunos barones de la formaci\u00f3n, como Manuela Ferreira Leite y Jos\u00e9 Pacheco Pereira, pero Santana conoce perfectamente los hilos del poder, de modo que su retorno lo convierte en un adversario temible. Este lunes 9 de octubre tuvo un almuerzo con el presidente de la Rep\u00fablica, Marcelo Rebelo de Sousa, en un claro gesto para dejarse notar desde el primer momento y avisar de que va \u201cmuy en serio\u201d, como \u00e9l mismo avanz\u00f3 hace unos d\u00edas. En este contexto, Rui Rio ya ha perdido su primera batalla, pues el Consejo Nacional del PSD ha aprobado celebrar el pr\u00f3ximo 13 de enero la votaci\u00f3n para elegir a su nuevo presidente y \u00e9l prefer\u00eda realizar el c\u00f3nclave antes de Navidad, tal vez para no dar ox\u00edgeno a su oponente. Con posterioridad, a mediados de febrero, se pondr\u00e1 en pie el congreso que refunde el partido y asiente los argumentos pertinentes para concurrir con garant\u00edas de \u00e9xito a los comicios legislativos de 2019.<br \/>\nVia: <a href=\"http:\/\/www.abc.es\/internacional\/abci-santana-lopes-duelo-presidencia-conservadores-portugueses-201710110132_noticia.html\" target=\"_blank\">Santana Lopes vs. Rui Rio: duelo por la presidencia de los conservadores portugueses<\/a><\/p>\n","protected":false},"excerpt":{"rendered":"<p>Se confirm\u00f3 la sorpresa en Portugal: el hist\u00f3rico Pedro Santana Lopes vuelve al primer plano y se presenta como candidato a la presidencia de los conservadores. El terreno abonado de la renuncia de Passos Coelho a la reelecci\u00f3n ha catapultado al ex primer ministro, en busca de reverdecer laureles a [&hellip;]<\/p>\n","protected":false},"author":2,"featured_media":10365,"comment_status":"open","ping_status":"closed","sticky":false,"template":"","format":"standard","meta":{"footnotes":""},"categories":[6],"tags":[],"class_list":["post-10364","post","type-post","status-publish","format-standard","has-post-thumbnail","hentry","category-spanish"],"_links":{"self":[{"href":"https:\/\/theworldwidejournal.com\/index.php?rest_route=\/wp\/v2\/posts\/10364","targetHints":{"allow":["GET"]}}],"collection":[{"href":"https:\/\/theworldwidejournal.com\/index.php?rest_route=\/wp\/v2\/posts"}],"about":[{"href":"https:\/\/theworldwidejournal.com\/index.php?rest_route=\/wp\/v2\/types\/post"}],"author":[{"embeddable":true,"href":"https:\/\/theworldwidejournal.com\/index.php?rest_route=\/wp\/v2\/users\/2"}],"replies":[{"embeddable":true,"href":"https:\/\/theworldwidejournal.com\/index.php?rest_route=%2Fwp%2Fv2%2Fcomments&post=10364"}],"version-history":[{"count":0,"href":"https:\/\/theworldwidejournal.com\/index.php?rest_route=\/wp\/v2\/posts\/10364\/revisions"}],"wp:featuredmedia":[{"embeddable":true,"href":"https:\/\/theworldwidejournal.com\/index.php?rest_route=\/wp\/v2\/media\/10365"}],"wp:attachment":[{"href":"https:\/\/theworldwidejournal.com\/index.php?rest_route=%2Fwp%2Fv2%2Fmedia&parent=10364"}],"wp:term":[{"taxonomy":"category","embeddable":true,"href":"https:\/\/theworldwidejournal.com\/index.php?rest_route=%2Fwp%2Fv2%2Fcategories&post=10364"},{"taxonomy":"post_tag","embeddable":true,"href":"https:\/\/theworldwidejournal.com\/index.php?rest_route=%2Fwp%2Fv2%2Ftags&post=10364"}],"curies":[{"name":"wp","href":"https:\/\/api.w.org\/{rel}","templated":true}]}}