{"id":10368,"date":"2017-10-11T03:29:15","date_gmt":"2017-10-11T01:29:15","guid":{"rendered":"https:\/\/theworldwidejournal.com\/2017\/10\/11\/wolfgang-schauble-se-va-de-finanzas-pero-queda-la-austeridad-en-la-ue\/"},"modified":"2017-10-11T03:29:15","modified_gmt":"2017-10-11T01:29:15","slug":"wolfgang-schauble-se-va-de-finanzas-pero-queda-la-austeridad-en-la-ue","status":"publish","type":"post","link":"https:\/\/theworldwidejournal.com\/?p=10368","title":{"rendered":"Wolfgang Sch\u00e4uble se va de Finanzas, pero queda la austeridad en la UE"},"content":{"rendered":"<p>\u00abOcho a\u00f1os son suficientes\u00bb, dijo Wolfgang Sch\u00e4uble en su despedida del Eurogrupo, haciendo un balance muy positivo de su paso por Bruselas como ministro de Finanzas alem\u00e1n. \u00abIncluso los m\u00e1s esc\u00e9pticos, los que no cre\u00edan que fu\u00e9semos capaces de mantener la estabilidad del euro, deben ahora reconocerlo\u00bb, retaba, resumiendo el legado de austeridad y la mano firme con la que mantuvo el pulso por la disciplina fiscal incluso en los peores momentos de la crisis. \u00abEs un hueso, como ese profesor que todos tuvimos en el instituto, que nos lo hizo pasar muy mal y al que odi\u00e1bamos entonces, pero que nos inculc\u00f3 valores que conservamos toda la vida y al que terminamos recordando con cari\u00f1o\u00bb, comentaba este martes uno de los t\u00e9cnicos griegos que sufri\u00f3 las peores tensiones entre Sch\u00e4uble y Varufakis, y que admite ahora que \u00abSch\u00e4uble se va, pero la austeridad queda\u00bb en la cultura presupuestaria europea. Y no se refer\u00eda al documento de tres p\u00e1ginas, elaborado por sus colaboradores en el mes de julio y con el que Schauble se desped\u00eda este martes del Eurogrupo, sino a la convicci\u00f3n de que \u00ablos presupuestos europeos no volver\u00e1n a ser lo que fueron antes de la crisis\u00bb. El \u00abnon paper\u00bb alem\u00e1n, definici\u00f3n que figura en su t\u00edtulo para subrayar su car\u00e1cter de documento informal, desaconsejaba un presupuesto del euro, as\u00ed como un seguro de desempleo europeo y cualquier iniciativa que huela a mutualizaci\u00f3n de la deuda europea. Sch\u00e4uble solo se aven\u00eda a la creaci\u00f3n de un Fondo Monetario Europeo si al rescatar pa\u00edses estos se someten a una estricta condicionalidad en forma de reformas. Su testamento Adem\u00e1s habla de la necesidad de reforzar las reglas fiscales de austeridad y se\u00f1ala que la competencia de vigilancia presupuestaria deber\u00eda quedar en manos del nuevo Fondo Monetario intergubernamental, todas ellas propuestas de disciplina que, m\u00e1s que transformarse en medidas, pretenden servir de testamento, casi de car\u00e1cter moral, que el pol\u00edtico europeo de m\u00e1s trayectoria deja a sus sucesores. Si Merkel nombrase libremente esa cartera en el pr\u00f3ximo gobierno, ser\u00eda para Peter Altmeier, estrecho colaborador que cuenta con toda su confianza. La canciller tiene grandes planes para Europa en esta legislatura y se sentir\u00eda m\u00e1s c\u00f3moda si en el Eurogrupo se sienta uno de los suyos. Pero las negociaciones para la \u00abCoalici\u00f3n Jamaica\u00bb pueden obligarla a sacrificar ese puesto a favor del l\u00edder de los liberales del FDP, Christian Lindner, o del experto liberal en Finanzas Wolfgang Kubicki. Lindner ya ha advertido que su partido se equivoc\u00f3 en 2009 cuando entr\u00f3 en el Ejecutivo con Merkel ocupando la cartera de Exteriores. \u00abLa \u00fanica manera de mirar de t\u00fa a t\u00fa a Angela Merkel es con el Ministerio de Finanzas\u00bb, ha repetido en varias entrevistas. Tambi\u00e9n puede suceder que el partido hermano de la CDU de Merkel, los socialcristianos b\u00e1varos de la CSU, exijan el cargo para uno de los suyos, Markus S\u00f6der, hasta ahora ministro de Finanzas de Baviera. Pero cualquiera de esos nombres significa austeridad y mano dura.<br \/>\nVia: <a href=\"http:\/\/www.abc.es\/internacional\/abci-wolfgang-schauble-finanzas-pero-queda-austeridad-201710110129_noticia.html\" target=\"_blank\">Wolfgang Sch\u00e4uble se va de Finanzas, pero queda la austeridad en la UE<\/a><\/p>\n","protected":false},"excerpt":{"rendered":"<p>\u00abOcho a\u00f1os son suficientes\u00bb, dijo Wolfgang Sch\u00e4uble en su despedida del Eurogrupo, haciendo un balance muy positivo de su paso por Bruselas como ministro de Finanzas alem\u00e1n. \u00abIncluso los m\u00e1s esc\u00e9pticos, los que no cre\u00edan que fu\u00e9semos capaces de mantener la estabilidad del euro, deben ahora reconocerlo\u00bb, retaba, resumiendo el [&hellip;]<\/p>\n","protected":false},"author":2,"featured_media":10369,"comment_status":"open","ping_status":"closed","sticky":false,"template":"","format":"standard","meta":{"footnotes":""},"categories":[6],"tags":[],"class_list":["post-10368","post","type-post","status-publish","format-standard","has-post-thumbnail","hentry","category-spanish"],"_links":{"self":[{"href":"https:\/\/theworldwidejournal.com\/index.php?rest_route=\/wp\/v2\/posts\/10368","targetHints":{"allow":["GET"]}}],"collection":[{"href":"https:\/\/theworldwidejournal.com\/index.php?rest_route=\/wp\/v2\/posts"}],"about":[{"href":"https:\/\/theworldwidejournal.com\/index.php?rest_route=\/wp\/v2\/types\/post"}],"author":[{"embeddable":true,"href":"https:\/\/theworldwidejournal.com\/index.php?rest_route=\/wp\/v2\/users\/2"}],"replies":[{"embeddable":true,"href":"https:\/\/theworldwidejournal.com\/index.php?rest_route=%2Fwp%2Fv2%2Fcomments&post=10368"}],"version-history":[{"count":0,"href":"https:\/\/theworldwidejournal.com\/index.php?rest_route=\/wp\/v2\/posts\/10368\/revisions"}],"wp:featuredmedia":[{"embeddable":true,"href":"https:\/\/theworldwidejournal.com\/index.php?rest_route=\/wp\/v2\/media\/10369"}],"wp:attachment":[{"href":"https:\/\/theworldwidejournal.com\/index.php?rest_route=%2Fwp%2Fv2%2Fmedia&parent=10368"}],"wp:term":[{"taxonomy":"category","embeddable":true,"href":"https:\/\/theworldwidejournal.com\/index.php?rest_route=%2Fwp%2Fv2%2Fcategories&post=10368"},{"taxonomy":"post_tag","embeddable":true,"href":"https:\/\/theworldwidejournal.com\/index.php?rest_route=%2Fwp%2Fv2%2Ftags&post=10368"}],"curies":[{"name":"wp","href":"https:\/\/api.w.org\/{rel}","templated":true}]}}