{"id":10440,"date":"2017-10-11T15:37:01","date_gmt":"2017-10-11T13:37:01","guid":{"rendered":"https:\/\/theworldwidejournal.com\/2017\/10\/11\/el-gobierno-quiere-que-las-empresas-informen-de-los-sueldos-por-genero\/"},"modified":"2017-10-11T15:37:01","modified_gmt":"2017-10-11T13:37:01","slug":"el-gobierno-quiere-que-las-empresas-informen-de-los-sueldos-por-genero","status":"publish","type":"post","link":"https:\/\/theworldwidejournal.com\/?p=10440","title":{"rendered":"El Gobierno quiere que las empresas informen de los sueldos \u00abpor g\u00e9nero\u00bb"},"content":{"rendered":"<p>El Gobierno quiere &#8220;establecer legalmente&#8221; que las empresas informen a los trabajadores sobre los niveles de remuneraci\u00f3n y los componentes variables que se incluyen en los salarios &#8220;desglosados por g\u00e9nero&#8221;, seg\u00fan ha se\u00f1alado la ministra de Empleo, F\u00e1tima B\u00e1\u00f1ez. En una interpelaci\u00f3n en el Congreso sobre la brecha salarial de g\u00e9nero en el mercado laboral, B\u00e1\u00f1ez ha se\u00f1alado que es una de las medidas que el Gobierno quiere proponer en el di\u00e1logo social ante un problema que, ha defendido, ha mejorado en los \u00faltimos a\u00f1os en Espa\u00f1a. Junto a esto, ha animado a las empresas a realizar auditor\u00edas salariales externas y a registrar sus planes de igualdad. La portavoz de En Marea, Yolanda D\u00edaz, ha afeado a B\u00e1\u00f1ez su actitud ante la &#8220;gravedad&#8221; y la &#8220;verg\u00fcenza&#8221; del problema de la brecha de genero -que llega al 23% de diferencia de sueldo entre hombres y mujeres por el mismo trabajo, seg\u00fan algunos estudios- y ha denunciado que las pol\u00edticas del Gobierno no hacen &#8220;m\u00e1s que consolidar el machismo&#8221; en Espa\u00f1a. D\u00edaz tambi\u00e9n ha pedido a B\u00e1\u00f1ez que deje de &#8220;descalificarse&#8221; e &#8220;insultar&#8221; a las mujeres diciendo &#8220;que la igualdad empieza por tener un empleo&#8221;. &#8220;Remueva los obst\u00e1culos que hacen imposible la igualdad&#8221;, le ha espetado.<br \/>\nVia: <a href=\"http:\/\/www.abc.es\/economia\/abci-gobierno-quiere-empresas-informen-ley-sobre-sueldos-desglosados-genero-201710111337_noticia.html\" target=\"_blank\">El Gobierno quiere que las empresas informen de los sueldos \u00abpor g\u00e9nero\u00bb<\/a><\/p>\n","protected":false},"excerpt":{"rendered":"<p>El Gobierno quiere &#8220;establecer legalmente&#8221; que las empresas informen a los trabajadores sobre los niveles de remuneraci\u00f3n y los componentes variables que se incluyen en los salarios &#8220;desglosados por g\u00e9nero&#8221;, seg\u00fan ha se\u00f1alado la ministra de Empleo, F\u00e1tima B\u00e1\u00f1ez. En una interpelaci\u00f3n en el Congreso sobre la brecha salarial de [&hellip;]<\/p>\n","protected":false},"author":2,"featured_media":10441,"comment_status":"open","ping_status":"closed","sticky":false,"template":"","format":"standard","meta":{"footnotes":""},"categories":[6],"tags":[],"class_list":["post-10440","post","type-post","status-publish","format-standard","has-post-thumbnail","hentry","category-spanish"],"_links":{"self":[{"href":"https:\/\/theworldwidejournal.com\/index.php?rest_route=\/wp\/v2\/posts\/10440","targetHints":{"allow":["GET"]}}],"collection":[{"href":"https:\/\/theworldwidejournal.com\/index.php?rest_route=\/wp\/v2\/posts"}],"about":[{"href":"https:\/\/theworldwidejournal.com\/index.php?rest_route=\/wp\/v2\/types\/post"}],"author":[{"embeddable":true,"href":"https:\/\/theworldwidejournal.com\/index.php?rest_route=\/wp\/v2\/users\/2"}],"replies":[{"embeddable":true,"href":"https:\/\/theworldwidejournal.com\/index.php?rest_route=%2Fwp%2Fv2%2Fcomments&post=10440"}],"version-history":[{"count":0,"href":"https:\/\/theworldwidejournal.com\/index.php?rest_route=\/wp\/v2\/posts\/10440\/revisions"}],"wp:featuredmedia":[{"embeddable":true,"href":"https:\/\/theworldwidejournal.com\/index.php?rest_route=\/wp\/v2\/media\/10441"}],"wp:attachment":[{"href":"https:\/\/theworldwidejournal.com\/index.php?rest_route=%2Fwp%2Fv2%2Fmedia&parent=10440"}],"wp:term":[{"taxonomy":"category","embeddable":true,"href":"https:\/\/theworldwidejournal.com\/index.php?rest_route=%2Fwp%2Fv2%2Fcategories&post=10440"},{"taxonomy":"post_tag","embeddable":true,"href":"https:\/\/theworldwidejournal.com\/index.php?rest_route=%2Fwp%2Fv2%2Ftags&post=10440"}],"curies":[{"name":"wp","href":"https:\/\/api.w.org\/{rel}","templated":true}]}}