{"id":10503,"date":"2017-10-11T23:14:42","date_gmt":"2017-10-11T21:14:42","guid":{"rendered":"https:\/\/theworldwidejournal.com\/2017\/10\/11\/turquia-pide-15-anos-de-prision-para-11-defensores-de-los-derechos-humanos\/"},"modified":"2017-10-11T23:14:42","modified_gmt":"2017-10-11T21:14:42","slug":"turquia-pide-15-anos-de-prision-para-11-defensores-de-los-derechos-humanos","status":"publish","type":"post","link":"https:\/\/theworldwidejournal.com\/?p=10503","title":{"rendered":"Turqu\u00eda pide 15 a\u00f1os de prisi\u00f3n para 11 defensores de los derechos humanos"},"content":{"rendered":"<p>La fiscal\u00eda de Estambul ha emitido este mi\u00e9rcoles orden de prisi\u00f3n de hasta 15 a\u00f1os contra once activistas de derechos humanos que fueron detenidos en julio en un hotel cuando manten\u00edan una reuni\u00f3n en la isla turca de B\u00fcy\u00fckada. Los encausados defienden que se encontraban desarrollando un taller sobre seguridad digital y gesti\u00f3n de la informaci\u00f3n. Sin embargo, la acusaci\u00f3n, liderada por el fiscal Can Tuncay de la Oficina de Delitos de Terror y Crimen Organizado de la Fiscal\u00eda General de Estambul, tiene una versi\u00f3n muy distinta sobre los fines de esa reuni\u00f3n. Seg\u00fan Tuncay, los sospechosos intentaron convertir la \u00abmarcha de la justicia\u00bb \u2013promovida por el l\u00edder del Partido Republicano del Pueblo (CHP) Kemal Kili\u00e7daroglu el pasado junio\u2013 en un \u00abcaos\u00bb para posteriormente \u00abdirigir la agitaci\u00f3n hacia otras provincias\u00bb. \u00abSe deduce claramente que los sospechosos trataron de convertir una marcha que se denominaba de &#8220;justicia&#8221; en actos que inclu\u00edan violencia similar a los incidentes del parque de Gezi\u00bb que, seg\u00fan prosigue la acusaci\u00f3n, \u00abcrear\u00edan caos en la sociedad\u00bb, en referencia a las protestas que se vivieron en Turqu\u00eda en 2013. Amnist\u00eda Internacional Concretamente, el presidente de Amnist\u00eda Internacional en Turqu\u00eda, Taner Kili\u00e7, se enfrenta a 15 a\u00f1os de c\u00e1rcel por \u00abpertenencia a banda terrorista\u00bb, acusado de utilizar el servicio de mensajer\u00eda ByLock, que sol\u00eda utilizar la cofrad\u00eda de Fethullah G\u00fclen \u2013a la que Turqu\u00eda se\u00f1ala como responsable del golpe de Estado fallido de 2016\u2013 para comunicarse de modo encriptado. A los dem\u00e1s sospechosos se les pide entre siete a\u00f1os y medio y diez a\u00f1os entre rejas por \u00abcolaboraci\u00f3n con banda armada\u00bb. Taner Kili\u00e7 y la directora de Amnist\u00eda en Turqu\u00eda, Idil Eser, junto con los dos instructores del taller, el sueco Ali Gharavi y el alem\u00e1n Peter Steudtner, y cuatro personas m\u00e1s llevan ya d\u00edas en la c\u00e1rcel.<br \/>\nVia: <a href=\"http:\/\/www.abc.es\/internacional\/abci-fiscalia-turquia-pide-15-anos-prision-para-once-defensores-derechos-humanos-201710112114_noticia.html\" target=\"_blank\">Turqu\u00eda pide 15 a\u00f1os de prisi\u00f3n para 11 defensores de los derechos humanos<\/a><\/p>\n","protected":false},"excerpt":{"rendered":"<p>La fiscal\u00eda de Estambul ha emitido este mi\u00e9rcoles orden de prisi\u00f3n de hasta 15 a\u00f1os contra once activistas de derechos humanos que fueron detenidos en julio en un hotel cuando manten\u00edan una reuni\u00f3n en la isla turca de B\u00fcy\u00fckada. Los encausados defienden que se encontraban desarrollando un taller sobre seguridad [&hellip;]<\/p>\n","protected":false},"author":2,"featured_media":10504,"comment_status":"open","ping_status":"closed","sticky":false,"template":"","format":"standard","meta":{"footnotes":""},"categories":[6],"tags":[],"class_list":["post-10503","post","type-post","status-publish","format-standard","has-post-thumbnail","hentry","category-spanish"],"_links":{"self":[{"href":"https:\/\/theworldwidejournal.com\/index.php?rest_route=\/wp\/v2\/posts\/10503","targetHints":{"allow":["GET"]}}],"collection":[{"href":"https:\/\/theworldwidejournal.com\/index.php?rest_route=\/wp\/v2\/posts"}],"about":[{"href":"https:\/\/theworldwidejournal.com\/index.php?rest_route=\/wp\/v2\/types\/post"}],"author":[{"embeddable":true,"href":"https:\/\/theworldwidejournal.com\/index.php?rest_route=\/wp\/v2\/users\/2"}],"replies":[{"embeddable":true,"href":"https:\/\/theworldwidejournal.com\/index.php?rest_route=%2Fwp%2Fv2%2Fcomments&post=10503"}],"version-history":[{"count":0,"href":"https:\/\/theworldwidejournal.com\/index.php?rest_route=\/wp\/v2\/posts\/10503\/revisions"}],"wp:featuredmedia":[{"embeddable":true,"href":"https:\/\/theworldwidejournal.com\/index.php?rest_route=\/wp\/v2\/media\/10504"}],"wp:attachment":[{"href":"https:\/\/theworldwidejournal.com\/index.php?rest_route=%2Fwp%2Fv2%2Fmedia&parent=10503"}],"wp:term":[{"taxonomy":"category","embeddable":true,"href":"https:\/\/theworldwidejournal.com\/index.php?rest_route=%2Fwp%2Fv2%2Fcategories&post=10503"},{"taxonomy":"post_tag","embeddable":true,"href":"https:\/\/theworldwidejournal.com\/index.php?rest_route=%2Fwp%2Fv2%2Ftags&post=10503"}],"curies":[{"name":"wp","href":"https:\/\/api.w.org\/{rel}","templated":true}]}}