{"id":10530,"date":"2017-10-12T12:15:52","date_gmt":"2017-10-12T10:15:52","guid":{"rendered":"https:\/\/theworldwidejournal.com\/2017\/10\/12\/les-francais-ont-pris-conscience-de-la-necessite-dintegrer-les-migrants\/"},"modified":"2017-10-12T12:15:52","modified_gmt":"2017-10-12T10:15:52","slug":"les-francais-ont-pris-conscience-de-la-necessite-dintegrer-les-migrants","status":"publish","type":"post","link":"https:\/\/theworldwidejournal.com\/?p=10530","title":{"rendered":"Les Fran\u00e7ais ont pris conscience de la n\u00e9cessit\u00e9 d\u2019int\u00e9grer les migrants"},"content":{"rendered":"<p>Une enqu\u00eate de l\u2019IFOP pour la Fondation Jean-Jaur\u00e8s montre que la crise migratoire n\u2019est plus per\u00e7ue comme temporaire.<br \/>\nVia: <a href=\"http:\/\/www.lemonde.fr\/immigration-et-diversite\/article\/2017\/10\/12\/les-francais-ont-pris-conscience-de-la-necessite-d-integrer-les-migrants_5199935_1654200.html?xtor=RSS-3208\" target=\"_blank\">Les Fran\u00e7ais ont pris conscience de la n\u00e9cessit\u00e9 d\u2019int\u00e9grer les migrants<\/a><\/p>\n","protected":false},"excerpt":{"rendered":"<p>Une enqu\u00eate de l\u2019IFOP pour la Fondation Jean-Jaur\u00e8s montre que la crise migratoire n\u2019est plus per\u00e7ue comme temporaire. Via: Les Fran\u00e7ais ont pris conscience de la n\u00e9cessit\u00e9 d\u2019int\u00e9grer les migrants<\/p>\n","protected":false},"author":2,"featured_media":0,"comment_status":"open","ping_status":"closed","sticky":false,"template":"","format":"standard","meta":{"footnotes":""},"categories":[4],"tags":[],"class_list":["post-10530","post","type-post","status-publish","format-standard","hentry","category-french"],"_links":{"self":[{"href":"https:\/\/theworldwidejournal.com\/index.php?rest_route=\/wp\/v2\/posts\/10530","targetHints":{"allow":["GET"]}}],"collection":[{"href":"https:\/\/theworldwidejournal.com\/index.php?rest_route=\/wp\/v2\/posts"}],"about":[{"href":"https:\/\/theworldwidejournal.com\/index.php?rest_route=\/wp\/v2\/types\/post"}],"author":[{"embeddable":true,"href":"https:\/\/theworldwidejournal.com\/index.php?rest_route=\/wp\/v2\/users\/2"}],"replies":[{"embeddable":true,"href":"https:\/\/theworldwidejournal.com\/index.php?rest_route=%2Fwp%2Fv2%2Fcomments&post=10530"}],"version-history":[{"count":0,"href":"https:\/\/theworldwidejournal.com\/index.php?rest_route=\/wp\/v2\/posts\/10530\/revisions"}],"wp:attachment":[{"href":"https:\/\/theworldwidejournal.com\/index.php?rest_route=%2Fwp%2Fv2%2Fmedia&parent=10530"}],"wp:term":[{"taxonomy":"category","embeddable":true,"href":"https:\/\/theworldwidejournal.com\/index.php?rest_route=%2Fwp%2Fv2%2Fcategories&post=10530"},{"taxonomy":"post_tag","embeddable":true,"href":"https:\/\/theworldwidejournal.com\/index.php?rest_route=%2Fwp%2Fv2%2Ftags&post=10530"}],"curies":[{"name":"wp","href":"https:\/\/api.w.org\/{rel}","templated":true}]}}