{"id":10571,"date":"2017-10-12T15:51:59","date_gmt":"2017-10-12T13:51:59","guid":{"rendered":"https:\/\/theworldwidejournal.com\/2017\/10\/12\/asi-ha-sido-el-desfile-militar-del-12-de-octubre\/"},"modified":"2017-10-12T15:51:59","modified_gmt":"2017-10-12T13:51:59","slug":"asi-ha-sido-el-desfile-militar-del-12-de-octubre","status":"publish","type":"post","link":"https:\/\/theworldwidejournal.com\/?p=10571","title":{"rendered":"As\u00ed ha sido el desfile militar del 12 de octubre"},"content":{"rendered":"<p>Los Reyes han presidido esta ma\u00f1ana en Madrid el desfile del D\u00eda de la Fiesta Nacional, al que han asistido el Gobierno en pleno \u2014salvo el ministro de Econom\u00eda, de viaje en Washington\u2014,\u00a0las m\u00e1s altas autoridades del Estado y la mayor\u00eda de l\u00edderes pol\u00edticos\u00a0en plena crisis por el desaf\u00edo soberanista de Catalu\u00f1a. La parada militar, que ha arrancado a las 11.00 y ha durado una hora y media, ha sacado a la calle a casi 4.000 militares junto a miembros de la Guardia Civil y de la Polic\u00eda Nacional bajo el lema Orgullosos de ser espa\u00f1oles. Este a\u00f1o,\u00a0se ha hecho m\u00e1s vistosa y ha cambiado de escenario buscando el calor popular.\u00a0Seguir leyendo.<br \/>\nVia: <a href=\"https:\/\/elpais.com\/politica\/2017\/10\/12\/actualidad\/1507795724_681641.html#?ref=rss&#038;format=simple&#038;link=link\" target=\"_blank\">As\u00ed ha sido el desfile militar del 12 de octubre<\/a><\/p>\n","protected":false},"excerpt":{"rendered":"<p>Los Reyes han presidido esta ma\u00f1ana en Madrid el desfile del D\u00eda de la Fiesta Nacional, al que han asistido el Gobierno en pleno \u2014salvo el ministro de Econom\u00eda, de viaje en Washington\u2014,\u00a0las m\u00e1s altas autoridades del Estado y la mayor\u00eda de l\u00edderes pol\u00edticos\u00a0en plena crisis por el desaf\u00edo soberanista [&hellip;]<\/p>\n","protected":false},"author":2,"featured_media":0,"comment_status":"open","ping_status":"closed","sticky":false,"template":"","format":"standard","meta":{"footnotes":""},"categories":[6],"tags":[],"class_list":["post-10571","post","type-post","status-publish","format-standard","hentry","category-spanish"],"_links":{"self":[{"href":"https:\/\/theworldwidejournal.com\/index.php?rest_route=\/wp\/v2\/posts\/10571","targetHints":{"allow":["GET"]}}],"collection":[{"href":"https:\/\/theworldwidejournal.com\/index.php?rest_route=\/wp\/v2\/posts"}],"about":[{"href":"https:\/\/theworldwidejournal.com\/index.php?rest_route=\/wp\/v2\/types\/post"}],"author":[{"embeddable":true,"href":"https:\/\/theworldwidejournal.com\/index.php?rest_route=\/wp\/v2\/users\/2"}],"replies":[{"embeddable":true,"href":"https:\/\/theworldwidejournal.com\/index.php?rest_route=%2Fwp%2Fv2%2Fcomments&post=10571"}],"version-history":[{"count":0,"href":"https:\/\/theworldwidejournal.com\/index.php?rest_route=\/wp\/v2\/posts\/10571\/revisions"}],"wp:attachment":[{"href":"https:\/\/theworldwidejournal.com\/index.php?rest_route=%2Fwp%2Fv2%2Fmedia&parent=10571"}],"wp:term":[{"taxonomy":"category","embeddable":true,"href":"https:\/\/theworldwidejournal.com\/index.php?rest_route=%2Fwp%2Fv2%2Fcategories&post=10571"},{"taxonomy":"post_tag","embeddable":true,"href":"https:\/\/theworldwidejournal.com\/index.php?rest_route=%2Fwp%2Fv2%2Ftags&post=10571"}],"curies":[{"name":"wp","href":"https:\/\/api.w.org\/{rel}","templated":true}]}}