{"id":10573,"date":"2017-10-12T14:52:23","date_gmt":"2017-10-12T12:52:23","guid":{"rendered":"https:\/\/theworldwidejournal.com\/2017\/10\/12\/miles-de-personas-participan-en-la-manifestacion-del-12-de-octubre-en-barcelona\/"},"modified":"2017-10-12T14:52:23","modified_gmt":"2017-10-12T12:52:23","slug":"miles-de-personas-participan-en-la-manifestacion-del-12-de-octubre-en-barcelona","status":"publish","type":"post","link":"https:\/\/theworldwidejournal.com\/?p=10573","title":{"rendered":"Miles de personas participan en la manifestaci\u00f3n del 12 de octubre en Barcelona"},"content":{"rendered":"<p>Miles de personas se han manifestado este jueves en el centro de Barcelona para celebrar el 12 de octubre en medio de la crisis institucional tras la declaraci\u00f3n de independencia formulada por el presidente catal\u00e1n Carles Puigdemont y luego suspendida. Societat Civil Catalana, la principal entidad convocante, ha pedido en su manifiesto, le\u00eddo por el catedr\u00e1tico Clemente Polo, &#8220;firmeza democr\u00e1tica&#8221; ante el &#8220;golpismo delirante&#8221;. &#8220;La secesi\u00f3n ni se ha consumado ni se consumar\u00e1 pero vamos a necesitar tiempo para que las instituciones recobren el pulso democr\u00e1tico y cicatricen las heridas abiertas&#8221;, ha dicho. La Guardia Urbana ha calculado que han participado en la marcha 65.000 personas, la cifra mayor en una festividad del 12 de Octubre en Barcelona desde 2014 (fueron entonces 38.000).Seguir leyendo.<br \/>\nVia: <a href=\"https:\/\/elpais.com\/ccaa\/2017\/10\/12\/catalunya\/1507805991_432059.html#?ref=rss&#038;format=simple&#038;link=link\" target=\"_blank\">Miles de personas participan en la manifestaci\u00f3n del 12 de octubre en Barcelona<\/a><\/p>\n","protected":false},"excerpt":{"rendered":"<p>Miles de personas se han manifestado este jueves en el centro de Barcelona para celebrar el 12 de octubre en medio de la crisis institucional tras la declaraci\u00f3n de independencia formulada por el presidente catal\u00e1n Carles Puigdemont y luego suspendida. Societat Civil Catalana, la principal entidad convocante, ha pedido en [&hellip;]<\/p>\n","protected":false},"author":2,"featured_media":0,"comment_status":"open","ping_status":"closed","sticky":false,"template":"","format":"standard","meta":{"footnotes":""},"categories":[6],"tags":[],"class_list":["post-10573","post","type-post","status-publish","format-standard","hentry","category-spanish"],"_links":{"self":[{"href":"https:\/\/theworldwidejournal.com\/index.php?rest_route=\/wp\/v2\/posts\/10573","targetHints":{"allow":["GET"]}}],"collection":[{"href":"https:\/\/theworldwidejournal.com\/index.php?rest_route=\/wp\/v2\/posts"}],"about":[{"href":"https:\/\/theworldwidejournal.com\/index.php?rest_route=\/wp\/v2\/types\/post"}],"author":[{"embeddable":true,"href":"https:\/\/theworldwidejournal.com\/index.php?rest_route=\/wp\/v2\/users\/2"}],"replies":[{"embeddable":true,"href":"https:\/\/theworldwidejournal.com\/index.php?rest_route=%2Fwp%2Fv2%2Fcomments&post=10573"}],"version-history":[{"count":0,"href":"https:\/\/theworldwidejournal.com\/index.php?rest_route=\/wp\/v2\/posts\/10573\/revisions"}],"wp:attachment":[{"href":"https:\/\/theworldwidejournal.com\/index.php?rest_route=%2Fwp%2Fv2%2Fmedia&parent=10573"}],"wp:term":[{"taxonomy":"category","embeddable":true,"href":"https:\/\/theworldwidejournal.com\/index.php?rest_route=%2Fwp%2Fv2%2Fcategories&post=10573"},{"taxonomy":"post_tag","embeddable":true,"href":"https:\/\/theworldwidejournal.com\/index.php?rest_route=%2Fwp%2Fv2%2Ftags&post=10573"}],"curies":[{"name":"wp","href":"https:\/\/api.w.org\/{rel}","templated":true}]}}