{"id":10644,"date":"2017-10-12T21:44:24","date_gmt":"2017-10-12T19:44:24","guid":{"rendered":"https:\/\/theworldwidejournal.com\/2017\/10\/12\/cuantos-nacionalistas-espanoles-hay-en-espana\/"},"modified":"2017-10-12T21:44:24","modified_gmt":"2017-10-12T19:44:24","slug":"cuantos-nacionalistas-espanoles-hay-en-espana","status":"publish","type":"post","link":"https:\/\/theworldwidejournal.com\/?p=10644","title":{"rendered":"\u00bfCu\u00e1ntos nacionalistas espa\u00f1oles hay en Espa\u00f1a?"},"content":{"rendered":"<p>En las \u00faltimas semanas, el conflicto catal\u00e1n ha multiplicado los s\u00edmbolos espa\u00f1oles y las banderas en los balcones. Lo hemos visto en las manifestaciones en Catalu\u00f1a, dividida por la independencia, pero tambi\u00e9n en otras partes de Espa\u00f1a. Hemos visto marchas casi siempre pac\u00edficas donde ondeaban adem\u00e1s banderas europeas y catalanas, aunque en Valencia hubo altercados provocados por grupos violentos.\u00a0Es probable que Espa\u00f1a viva un auge del sentimiento nacionalista. Pero de momento los datos sugieren que deber\u00edamos atemperar esa percepci\u00f3n.Seguir leyendo.<br \/>\nVia: <a href=\"https:\/\/elpais.com\/politica\/2017\/10\/11\/ratio\/1507747264_973195.html#?ref=rss&#038;format=simple&#038;link=link\" target=\"_blank\">\u00bfCu\u00e1ntos nacionalistas espa\u00f1oles hay en Espa\u00f1a?<\/a><\/p>\n","protected":false},"excerpt":{"rendered":"<p>En las \u00faltimas semanas, el conflicto catal\u00e1n ha multiplicado los s\u00edmbolos espa\u00f1oles y las banderas en los balcones. Lo hemos visto en las manifestaciones en Catalu\u00f1a, dividida por la independencia, pero tambi\u00e9n en otras partes de Espa\u00f1a. Hemos visto marchas casi siempre pac\u00edficas donde ondeaban adem\u00e1s banderas europeas y catalanas, [&hellip;]<\/p>\n","protected":false},"author":2,"featured_media":0,"comment_status":"open","ping_status":"closed","sticky":false,"template":"","format":"standard","meta":{"footnotes":""},"categories":[6],"tags":[],"class_list":["post-10644","post","type-post","status-publish","format-standard","hentry","category-spanish"],"_links":{"self":[{"href":"https:\/\/theworldwidejournal.com\/index.php?rest_route=\/wp\/v2\/posts\/10644","targetHints":{"allow":["GET"]}}],"collection":[{"href":"https:\/\/theworldwidejournal.com\/index.php?rest_route=\/wp\/v2\/posts"}],"about":[{"href":"https:\/\/theworldwidejournal.com\/index.php?rest_route=\/wp\/v2\/types\/post"}],"author":[{"embeddable":true,"href":"https:\/\/theworldwidejournal.com\/index.php?rest_route=\/wp\/v2\/users\/2"}],"replies":[{"embeddable":true,"href":"https:\/\/theworldwidejournal.com\/index.php?rest_route=%2Fwp%2Fv2%2Fcomments&post=10644"}],"version-history":[{"count":0,"href":"https:\/\/theworldwidejournal.com\/index.php?rest_route=\/wp\/v2\/posts\/10644\/revisions"}],"wp:attachment":[{"href":"https:\/\/theworldwidejournal.com\/index.php?rest_route=%2Fwp%2Fv2%2Fmedia&parent=10644"}],"wp:term":[{"taxonomy":"category","embeddable":true,"href":"https:\/\/theworldwidejournal.com\/index.php?rest_route=%2Fwp%2Fv2%2Fcategories&post=10644"},{"taxonomy":"post_tag","embeddable":true,"href":"https:\/\/theworldwidejournal.com\/index.php?rest_route=%2Fwp%2Fv2%2Ftags&post=10644"}],"curies":[{"name":"wp","href":"https:\/\/api.w.org\/{rel}","templated":true}]}}