{"id":10651,"date":"2017-10-13T01:38:29","date_gmt":"2017-10-12T23:38:29","guid":{"rendered":"https:\/\/theworldwidejournal.com\/2017\/10\/13\/el-eurofighter-siniestrado-cayo-al-tratar-de-subir-en-la-aproximacion-a-la-base\/"},"modified":"2017-10-13T01:38:29","modified_gmt":"2017-10-12T23:38:29","slug":"el-eurofighter-siniestrado-cayo-al-tratar-de-subir-en-la-aproximacion-a-la-base","status":"publish","type":"post","link":"https:\/\/theworldwidejournal.com\/?p=10651","title":{"rendered":"El Eurofighter siniestrado cay\u00f3 al tratar de subir en la aproximaci\u00f3n a la base"},"content":{"rendered":"<p>La fatalidad se desencaden\u00f3 ayer al mediod\u00eda cuando un avi\u00f3n de combate Eurofighter del Ej\u00e9rcito del Aire se estrell\u00f3 en las proximidades de la base a\u00e9rea de Los Llanos (Albacete) \u00abal realizar una maniobra de aproximaci\u00f3n para aterrizar\u00bb, seg\u00fan inform\u00f3 el Ministerio de Defensa en un comunicado. El lugar del siniestro fue en el parque aleda\u00f1o de La Pulgosa, sin verse afectado ning\u00fan tipo de edificio y poblaci\u00f3n alguna. A sus mandos iba el capit\u00e1n Borja Aybar Garc\u00eda, de 34 a\u00f1os y natural de Puertollano (Ciudad Real), quien perdi\u00f3 la vida al no poder eyectarse del avi\u00f3n antes de la ca\u00edda. El aparato -el n\u00famero 69 del serial de los Eurofighter del Ej\u00e9rcito del Aire- regresaba de participar en el desfile a\u00e9reo en Madrid, organizado por el D\u00eda de la Fiesta Nacional. Otros siete aviones Eurofighter participaron en el mismo acto: tres de la misma Ala 14 (Albacete) y otros cuatro de la base de Mor\u00f3n de la Frontera (Sevilla). Las causas del accidente son a\u00fan desconocidas. Eso s\u00ed, se sabe con certeza que el piloto no us\u00f3 el sistema de escape del avi\u00f3n. Eso hace imposible determinar las causas concretas del accidente hasta que la Comisi\u00f3n para la Investigaci\u00f3n T\u00e9cnica de Accidentes de Aeronaves Militares complete una investigaci\u00f3n en profundidad. Ya hay un equipo desplazado a Albacete para conocer las causas del siniestro. P\u00e9same de los Reyes Fuentes militares consultadas por ABC, que fueron testigo directo del siniestro, explicaron que el fatal accidente del Eurofighter se produjo cuando los cuatro aviones regresaban en formaci\u00f3n a baja altura. \u00abEn lugar de hacer un viraje, hicieron un palancazo para ir hacia arriba y romper la formaci\u00f3n. En ese momento se fue uno de ellos hacia abajo\u00bb. Es decir, no sali\u00f3 como se esperaba la maniobra para coger altura y posteriormente virar y separarse, aterrizando luego por separado. Imagen previa al accidente- ABC El presidente del Gobierno, Mariano Rajoy, la ministra de Defensa, Maria Dolores de Cospedal, y el jefe de Estado Mayor del Ej\u00e9rcito del Aire, Javier Salto, se desplazaron al lugar del accidente apenas hora y media despu\u00e9s del siniestro. Rajoy y Cospedal solo acudieron a la recepci\u00f3n en el Palacio Real por el 12 de Octubre para saludar a Su Majestad el Rey. Felipe VI habl\u00f3 por la tarde con la viuda del piloto fallecido y con el coronel de la base de Albacete para transmitirles personalmente el p\u00e9same, en su nombre y en el de todo el pueblo espa\u00f1ol. En la conversaci\u00f3n, el Rey destac\u00f3 el valor y la entrega del capit\u00e1n a las Fuerzas Armadas y a Espa\u00f1a. Posteriormente, la Casa del Rey difundi\u00f3 un tuit en el que daba cuenta del p\u00e9same y a\u00f1ad\u00eda: \u00abValor y entrega a Espa\u00f1a\u00bb. El capit\u00e1n Aybar, quien se hab\u00eda reincorporado a la base Los Llanos el 1 de septiembre, ten\u00eda un beb\u00e9 de cuatro meses. Por su parte, Mariano Rajoy transmiti\u00f3 personalmente el p\u00e9same a la viuda del capit\u00e1n Aybar. En la base de Los Llanos, Rajoy asegur\u00f3 que durante su encuentro intent\u00f3 \u00abanimarla\u00bb en este momento \u00abmuy duro\u00bb y \u00abmuy dif\u00edcil\u00bb, informa la agencia Efe. Este viernes, el funeral Tambi\u00e9n el ministro del Interior, Juan Ignacio Zoido; la delegada del Gobierno en Madrid, Concepci\u00f3n Dancausa; el l\u00edder de Podemos, Pablo Iglesias; o la presidenta de Andaluc\u00eda, Susana D\u00edaz, lamentaron en Twitter la muerte del piloto. El PP de Santa Pola, municipio alicantino donde residen los padres del piloto, pidieron un \u00abreconocimiento\u00bb con \u00ablos m\u00e1ximos honores\u00bb para Borja Aybar, \u00abhaci\u00e9ndose eco de las demandas de amigos y familiares\u00bb. Est\u00e1 previsto que este viernes se celebre un funeral militar en la Base a\u00e9rea de Los Llanos (Albacete) que ser\u00e1 presidido por la ministra Cospedal. El de ayer es el cuarto accidente de un avi\u00f3n Eurofighter en Espa\u00f1a, y hace tan solo dos semanas se estrell\u00f3 otro en Italia durante una exhibici\u00f3n a\u00e9rea. En Espa\u00f1a, el primer siniestro ocurri\u00f3 en el a\u00f1o 2002, cuando un avi\u00f3n se estrell\u00f3 en las proximidades de Belvis de la Jara (Toledo) cuando volaba en pruebas a 15.000 metros de altura. Los dos militares que pilotaban el aparato resultaron ilesos tras usar el sistema de eyecci\u00f3n de la cabina. El escuadr\u00f3n antes del accidente- ABC En 2010 falleci\u00f3 un militar de Arabia Saud\u00ed al estrellarse otro avi\u00f3n en la base de Mor\u00f3n de la Frontera. En el accidente result\u00f3 ileso un oficial espa\u00f1ol al eyectarse en el momento del accidente. Este siniestro se produjo durante un vuelo de adiestramiento ordinario pilotado por un comandante instructor del Ej\u00e9rcito del Aire espa\u00f1ol y un teniente coronel del Ej\u00e9rcito del Aire de Arabia Saud\u00ed. El tercer accidente se produjo en 2014 en Sevilla cuando otro avi\u00f3n se estrell\u00f3 llev\u00e1ndose por delante la vida del capit\u00e1n Fernando Lluna Carrascosa. Por otra parte, el \u00faltimo accidente mortal en la base de Albacete tuvo lugar en enero de 2015, cuando se estrell\u00f3 un avi\u00f3n griego que participaba en un ejercicio de la Escuela de Pilotos OTAN, en el interior de la base, causando 10 muertos y 21 heridos. El caza m\u00e1s moderno El Eurofighter es el avi\u00f3n de combate m\u00e1s moderno del Ej\u00e9rcito del Aire. Es fabricado para Espa\u00f1a por el consorcio europeo Airbus Defense and Space (Airbus DS). Se trata de un proyecto europeo formado por las empresas Airbus DS (Alemania y Espa\u00f1a), BAE Systems (Reino Unido) y Alenia Aermacchi (Italia). El Ej\u00e9rcito del Aire tiene previsto contar con 73 aviones Eurofighter. Adem\u00e1s de los citados pa\u00edses fabricantes, otros fuerzas a\u00e9reas con estos cazas en su flota son Austria, Arabia Saud\u00ed y Om\u00e1n. Kuwait y Qatar tambi\u00e9n han firmado acuerdos este a\u00f1o para incorporarlo.<br \/>\nVia: <a href=\"http:\/\/www.abc.es\/espana\/abci-eurofighter-siniestrado-cayo-tratar-subir-aproximacion-base-201710122338_noticia.html\" target=\"_blank\">El Eurofighter siniestrado cay\u00f3 al tratar de subir en la aproximaci\u00f3n a la base<\/a><\/p>\n","protected":false},"excerpt":{"rendered":"<p>La fatalidad se desencaden\u00f3 ayer al mediod\u00eda cuando un avi\u00f3n de combate Eurofighter del Ej\u00e9rcito del Aire se estrell\u00f3 en las proximidades de la base a\u00e9rea de Los Llanos (Albacete) \u00abal realizar una maniobra de aproximaci\u00f3n para aterrizar\u00bb, seg\u00fan inform\u00f3 el Ministerio de Defensa en un comunicado. El lugar del [&hellip;]<\/p>\n","protected":false},"author":2,"featured_media":10652,"comment_status":"open","ping_status":"closed","sticky":false,"template":"","format":"standard","meta":{"footnotes":""},"categories":[6],"tags":[],"class_list":["post-10651","post","type-post","status-publish","format-standard","has-post-thumbnail","hentry","category-spanish"],"_links":{"self":[{"href":"https:\/\/theworldwidejournal.com\/index.php?rest_route=\/wp\/v2\/posts\/10651","targetHints":{"allow":["GET"]}}],"collection":[{"href":"https:\/\/theworldwidejournal.com\/index.php?rest_route=\/wp\/v2\/posts"}],"about":[{"href":"https:\/\/theworldwidejournal.com\/index.php?rest_route=\/wp\/v2\/types\/post"}],"author":[{"embeddable":true,"href":"https:\/\/theworldwidejournal.com\/index.php?rest_route=\/wp\/v2\/users\/2"}],"replies":[{"embeddable":true,"href":"https:\/\/theworldwidejournal.com\/index.php?rest_route=%2Fwp%2Fv2%2Fcomments&post=10651"}],"version-history":[{"count":0,"href":"https:\/\/theworldwidejournal.com\/index.php?rest_route=\/wp\/v2\/posts\/10651\/revisions"}],"wp:featuredmedia":[{"embeddable":true,"href":"https:\/\/theworldwidejournal.com\/index.php?rest_route=\/wp\/v2\/media\/10652"}],"wp:attachment":[{"href":"https:\/\/theworldwidejournal.com\/index.php?rest_route=%2Fwp%2Fv2%2Fmedia&parent=10651"}],"wp:term":[{"taxonomy":"category","embeddable":true,"href":"https:\/\/theworldwidejournal.com\/index.php?rest_route=%2Fwp%2Fv2%2Fcategories&post=10651"},{"taxonomy":"post_tag","embeddable":true,"href":"https:\/\/theworldwidejournal.com\/index.php?rest_route=%2Fwp%2Fv2%2Ftags&post=10651"}],"curies":[{"name":"wp","href":"https:\/\/api.w.org\/{rel}","templated":true}]}}