{"id":10670,"date":"2017-10-13T15:24:01","date_gmt":"2017-10-13T13:24:01","guid":{"rendered":"https:\/\/theworldwidejournal.com\/2017\/10\/13\/affaire-ferrand-le-parquet-de-brest-classe-sans-suite-le-dossier-sur-les-mutuelles-de-bretagne\/"},"modified":"2017-10-13T15:24:01","modified_gmt":"2017-10-13T13:24:01","slug":"affaire-ferrand-le-parquet-de-brest-classe-sans-suite-le-dossier-sur-les-mutuelles-de-bretagne","status":"publish","type":"post","link":"https:\/\/theworldwidejournal.com\/?p=10670","title":{"rendered":"Affaire Ferrand\u00a0: le parquet de Brest classe sans suite le dossier sur les Mutuelles de Bretagne"},"content":{"rendered":"<p>Le procureur de Brest a annonc\u00e9 vendredi le classement de l\u2019enqu\u00eate visant le chef de file des d\u00e9put\u00e9s La R\u00e9publique en marche, Richard Ferrand, en invoquant notamment la prescription de l\u2019action publique.<br \/>\nVia: <a href=\"http:\/\/www.lemonde.fr\/politique\/article\/2017\/10\/13\/affaire-ferrand-le-parquet-de-brest-classe-sans-suite-le-dossier-sur-les-mutuelles-de-bretagne_5200622_823448.html?xtor=RSS-3208\" target=\"_blank\">Affaire Ferrand\u00a0: le parquet de Brest classe sans suite le dossier sur les Mutuelles de Bretagne<\/a><\/p>\n","protected":false},"excerpt":{"rendered":"<p>Le procureur de Brest a annonc\u00e9 vendredi le classement de l\u2019enqu\u00eate visant le chef de file des d\u00e9put\u00e9s La R\u00e9publique en marche, Richard Ferrand, en invoquant notamment la prescription de l\u2019action publique. Via: Affaire Ferrand\u00a0: le parquet de Brest classe sans suite le dossier sur les Mutuelles de Bretagne<\/p>\n","protected":false},"author":2,"featured_media":0,"comment_status":"open","ping_status":"closed","sticky":false,"template":"","format":"standard","meta":{"footnotes":""},"categories":[4],"tags":[],"class_list":["post-10670","post","type-post","status-publish","format-standard","hentry","category-french"],"_links":{"self":[{"href":"https:\/\/theworldwidejournal.com\/index.php?rest_route=\/wp\/v2\/posts\/10670","targetHints":{"allow":["GET"]}}],"collection":[{"href":"https:\/\/theworldwidejournal.com\/index.php?rest_route=\/wp\/v2\/posts"}],"about":[{"href":"https:\/\/theworldwidejournal.com\/index.php?rest_route=\/wp\/v2\/types\/post"}],"author":[{"embeddable":true,"href":"https:\/\/theworldwidejournal.com\/index.php?rest_route=\/wp\/v2\/users\/2"}],"replies":[{"embeddable":true,"href":"https:\/\/theworldwidejournal.com\/index.php?rest_route=%2Fwp%2Fv2%2Fcomments&post=10670"}],"version-history":[{"count":0,"href":"https:\/\/theworldwidejournal.com\/index.php?rest_route=\/wp\/v2\/posts\/10670\/revisions"}],"wp:attachment":[{"href":"https:\/\/theworldwidejournal.com\/index.php?rest_route=%2Fwp%2Fv2%2Fmedia&parent=10670"}],"wp:term":[{"taxonomy":"category","embeddable":true,"href":"https:\/\/theworldwidejournal.com\/index.php?rest_route=%2Fwp%2Fv2%2Fcategories&post=10670"},{"taxonomy":"post_tag","embeddable":true,"href":"https:\/\/theworldwidejournal.com\/index.php?rest_route=%2Fwp%2Fv2%2Ftags&post=10670"}],"curies":[{"name":"wp","href":"https:\/\/api.w.org\/{rel}","templated":true}]}}