{"id":10676,"date":"2017-10-13T14:18:01","date_gmt":"2017-10-13T12:18:01","guid":{"rendered":"https:\/\/theworldwidejournal.com\/2017\/10\/13\/la-piste-dune-hysterie-collective-evoquee-dans-laffaire-des-diplomates-americains-de-cuba\/"},"modified":"2017-10-13T14:18:01","modified_gmt":"2017-10-13T12:18:01","slug":"la-piste-dune-hysterie-collective-evoquee-dans-laffaire-des-diplomates-americains-de-cuba","status":"publish","type":"post","link":"https:\/\/theworldwidejournal.com\/?p=10676","title":{"rendered":"La piste d&#039;une \u00abhyst\u00e9rie collective\u00bb \u00e9voqu\u00e9e dans l&#039;affaire des diplomates am\u00e9ricains de Cuba"},"content":{"rendered":"<p>\u00c0 La Havane, le myst\u00e8re s&#8217;\u00e9paissit: qu&#8217;a-t-il bien pu arriver aux 22 membres du personnel de l&#8217;ambassade am\u00e9ricaine victimes de troubles de sant\u00e9 similaires? Jeudi, The Guardian a \u00e9voqu\u00e9 une possible \u00abhyst\u00e9rie collective\u00bb&#8230;<br \/>\nVia: <a href=\"http:\/\/www.lefigaro.fr\/international\/2017\/10\/13\/01003-20171013ARTFIG00161-la-piste-d-une-hysterie-collective-evoquee-dans-l-affaire-des-diplomates-americains-de-cuba.php\" target=\"_blank\">La piste d&#039;une \u00abhyst\u00e9rie collective\u00bb \u00e9voqu\u00e9e dans l&#039;affaire des diplomates am\u00e9ricains de Cuba<\/a><\/p>\n","protected":false},"excerpt":{"rendered":"<p>\u00c0 La Havane, le myst\u00e8re s&#8217;\u00e9paissit: qu&#8217;a-t-il bien pu arriver aux 22 membres du personnel de l&#8217;ambassade am\u00e9ricaine victimes de troubles de sant\u00e9 similaires? Jeudi, The Guardian a \u00e9voqu\u00e9 une possible \u00abhyst\u00e9rie collective\u00bb&#8230; Via: La piste d&#039;une \u00abhyst\u00e9rie collective\u00bb \u00e9voqu\u00e9e dans l&#039;affaire des diplomates am\u00e9ricains de Cuba<\/p>\n","protected":false},"author":2,"featured_media":0,"comment_status":"open","ping_status":"closed","sticky":false,"template":"","format":"standard","meta":{"footnotes":""},"categories":[4],"tags":[],"class_list":["post-10676","post","type-post","status-publish","format-standard","hentry","category-french"],"_links":{"self":[{"href":"https:\/\/theworldwidejournal.com\/index.php?rest_route=\/wp\/v2\/posts\/10676","targetHints":{"allow":["GET"]}}],"collection":[{"href":"https:\/\/theworldwidejournal.com\/index.php?rest_route=\/wp\/v2\/posts"}],"about":[{"href":"https:\/\/theworldwidejournal.com\/index.php?rest_route=\/wp\/v2\/types\/post"}],"author":[{"embeddable":true,"href":"https:\/\/theworldwidejournal.com\/index.php?rest_route=\/wp\/v2\/users\/2"}],"replies":[{"embeddable":true,"href":"https:\/\/theworldwidejournal.com\/index.php?rest_route=%2Fwp%2Fv2%2Fcomments&post=10676"}],"version-history":[{"count":0,"href":"https:\/\/theworldwidejournal.com\/index.php?rest_route=\/wp\/v2\/posts\/10676\/revisions"}],"wp:attachment":[{"href":"https:\/\/theworldwidejournal.com\/index.php?rest_route=%2Fwp%2Fv2%2Fmedia&parent=10676"}],"wp:term":[{"taxonomy":"category","embeddable":true,"href":"https:\/\/theworldwidejournal.com\/index.php?rest_route=%2Fwp%2Fv2%2Fcategories&post=10676"},{"taxonomy":"post_tag","embeddable":true,"href":"https:\/\/theworldwidejournal.com\/index.php?rest_route=%2Fwp%2Fv2%2Ftags&post=10676"}],"curies":[{"name":"wp","href":"https:\/\/api.w.org\/{rel}","templated":true}]}}