{"id":10714,"date":"2017-10-13T14:31:51","date_gmt":"2017-10-13T12:31:51","guid":{"rendered":"https:\/\/theworldwidejournal.com\/2017\/10\/13\/el-gobierno-advierte-de-que-el-independentismo-coloca-a-cataluna-en-riesgo-de-recesion\/"},"modified":"2017-10-13T14:31:51","modified_gmt":"2017-10-13T12:31:51","slug":"el-gobierno-advierte-de-que-el-independentismo-coloca-a-cataluna-en-riesgo-de-recesion","status":"publish","type":"post","link":"https:\/\/theworldwidejournal.com\/?p=10714","title":{"rendered":"El Gobierno advierte de que el independentismo coloca a Catalu\u00f1a en riesgo de recesi\u00f3n"},"content":{"rendered":"<p>El Gobierno ha advertido este viernes de que el desaf\u00edo independentista coloca a Catalu\u00f1a en peligro de sufrir una &#8220;recesi\u00f3n&#8221; y &#8220;una aguda desaceleraci\u00f3n&#8221; de su econom\u00eda que ponga &#8220;en riesgo la recuperaci\u00f3n econ\u00f3mica&#8221;. As\u00ed lo ha dicho la vicepresidenta Soraya S\u00e1enz de Santamar\u00eda, que ha avanzado que el Ejecutivo ya ha comunicado a Bruselas que tendr\u00e1 que\u00a0 revisar a la baja las previsiones de crecimiento de Espa\u00f1a si persiste el reto soberanista, que ya se ha traducido en la fuga de decenas de empresas hacia otras Comunidades Aut\u00f3nomas. El ministro de Hacienda, Crist\u00f3bal Montoro, ha presentado este viernes en el Consejo de Ministros un informe en ese sentido con vistas al env\u00edo a Bruselas del plan presupuestario de 2018.Seguir leyendo.<br \/>\nVia: <a href=\"https:\/\/elpais.com\/politica\/2017\/10\/13\/actualidad\/1507890240_693350.html#?ref=rss&#038;format=simple&#038;link=link\" target=\"_blank\">El Gobierno advierte de que el independentismo coloca a Catalu\u00f1a en riesgo de recesi\u00f3n<\/a><\/p>\n","protected":false},"excerpt":{"rendered":"<p>El Gobierno ha advertido este viernes de que el desaf\u00edo independentista coloca a Catalu\u00f1a en peligro de sufrir una &#8220;recesi\u00f3n&#8221; y &#8220;una aguda desaceleraci\u00f3n&#8221; de su econom\u00eda que ponga &#8220;en riesgo la recuperaci\u00f3n econ\u00f3mica&#8221;. As\u00ed lo ha dicho la vicepresidenta Soraya S\u00e1enz de Santamar\u00eda, que ha avanzado que el Ejecutivo [&hellip;]<\/p>\n","protected":false},"author":2,"featured_media":0,"comment_status":"open","ping_status":"closed","sticky":false,"template":"","format":"standard","meta":{"footnotes":""},"categories":[6],"tags":[],"class_list":["post-10714","post","type-post","status-publish","format-standard","hentry","category-spanish"],"_links":{"self":[{"href":"https:\/\/theworldwidejournal.com\/index.php?rest_route=\/wp\/v2\/posts\/10714","targetHints":{"allow":["GET"]}}],"collection":[{"href":"https:\/\/theworldwidejournal.com\/index.php?rest_route=\/wp\/v2\/posts"}],"about":[{"href":"https:\/\/theworldwidejournal.com\/index.php?rest_route=\/wp\/v2\/types\/post"}],"author":[{"embeddable":true,"href":"https:\/\/theworldwidejournal.com\/index.php?rest_route=\/wp\/v2\/users\/2"}],"replies":[{"embeddable":true,"href":"https:\/\/theworldwidejournal.com\/index.php?rest_route=%2Fwp%2Fv2%2Fcomments&post=10714"}],"version-history":[{"count":0,"href":"https:\/\/theworldwidejournal.com\/index.php?rest_route=\/wp\/v2\/posts\/10714\/revisions"}],"wp:attachment":[{"href":"https:\/\/theworldwidejournal.com\/index.php?rest_route=%2Fwp%2Fv2%2Fmedia&parent=10714"}],"wp:term":[{"taxonomy":"category","embeddable":true,"href":"https:\/\/theworldwidejournal.com\/index.php?rest_route=%2Fwp%2Fv2%2Fcategories&post=10714"},{"taxonomy":"post_tag","embeddable":true,"href":"https:\/\/theworldwidejournal.com\/index.php?rest_route=%2Fwp%2Fv2%2Ftags&post=10714"}],"curies":[{"name":"wp","href":"https:\/\/api.w.org\/{rel}","templated":true}]}}