{"id":10715,"date":"2017-10-13T14:22:46","date_gmt":"2017-10-13T12:22:46","guid":{"rendered":"https:\/\/theworldwidejournal.com\/2017\/10\/13\/rivera-busca-un-pacto-de-los-no-independentistas-para-que-respalden-un-govern-de-la-alternativa-mas-votada\/"},"modified":"2017-10-13T14:22:46","modified_gmt":"2017-10-13T12:22:46","slug":"rivera-busca-un-pacto-de-los-no-independentistas-para-que-respalden-un-govern-de-la-alternativa-mas-votada","status":"publish","type":"post","link":"https:\/\/theworldwidejournal.com\/?p=10715","title":{"rendered":"Rivera busca un pacto de los no independentistas para que respalden un Govern de la alternativa m\u00e1s votada"},"content":{"rendered":"<p>El presidente de Ciudadanos, Albert Rivera, quiere que los constitucionalistas sellen un acuerdo previo a las elecciones auton\u00f3micas de Catalu\u00f1a para garantizar que, en caso de que sumen m\u00e1s esca\u00f1os que los secesionistas, todos estos partidos faciliten el Govern del partido no independentista m\u00e1s votado. &#8220;Yo estoy dispuesto. Y lo he hablado con In\u00e9s Arrimadas y ella, tambi\u00e9n&#8221;, ha afirmado este viernes el l\u00edder de la principal formaci\u00f3n de la oposici\u00f3n en la comunidad aut\u00f3noma. Las encuestas apuntan a que, de convocarse comicios, Ciudadanos volver\u00e1 a repetir como primera fuerza espa\u00f1olista.Seguir leyendo.<br \/>\nVia: <a href=\"https:\/\/elpais.com\/politica\/2017\/10\/13\/actualidad\/1507889142_199545.html#?ref=rss&#038;format=simple&#038;link=link\" target=\"_blank\">Rivera busca un pacto de los no independentistas para que respalden un Govern de la alternativa m\u00e1s votada<\/a><\/p>\n","protected":false},"excerpt":{"rendered":"<p>El presidente de Ciudadanos, Albert Rivera, quiere que los constitucionalistas sellen un acuerdo previo a las elecciones auton\u00f3micas de Catalu\u00f1a para garantizar que, en caso de que sumen m\u00e1s esca\u00f1os que los secesionistas, todos estos partidos faciliten el Govern del partido no independentista m\u00e1s votado. &#8220;Yo estoy dispuesto. Y lo [&hellip;]<\/p>\n","protected":false},"author":2,"featured_media":0,"comment_status":"open","ping_status":"closed","sticky":false,"template":"","format":"standard","meta":{"footnotes":""},"categories":[6],"tags":[],"class_list":["post-10715","post","type-post","status-publish","format-standard","hentry","category-spanish"],"_links":{"self":[{"href":"https:\/\/theworldwidejournal.com\/index.php?rest_route=\/wp\/v2\/posts\/10715","targetHints":{"allow":["GET"]}}],"collection":[{"href":"https:\/\/theworldwidejournal.com\/index.php?rest_route=\/wp\/v2\/posts"}],"about":[{"href":"https:\/\/theworldwidejournal.com\/index.php?rest_route=\/wp\/v2\/types\/post"}],"author":[{"embeddable":true,"href":"https:\/\/theworldwidejournal.com\/index.php?rest_route=\/wp\/v2\/users\/2"}],"replies":[{"embeddable":true,"href":"https:\/\/theworldwidejournal.com\/index.php?rest_route=%2Fwp%2Fv2%2Fcomments&post=10715"}],"version-history":[{"count":0,"href":"https:\/\/theworldwidejournal.com\/index.php?rest_route=\/wp\/v2\/posts\/10715\/revisions"}],"wp:attachment":[{"href":"https:\/\/theworldwidejournal.com\/index.php?rest_route=%2Fwp%2Fv2%2Fmedia&parent=10715"}],"wp:term":[{"taxonomy":"category","embeddable":true,"href":"https:\/\/theworldwidejournal.com\/index.php?rest_route=%2Fwp%2Fv2%2Fcategories&post=10715"},{"taxonomy":"post_tag","embeddable":true,"href":"https:\/\/theworldwidejournal.com\/index.php?rest_route=%2Fwp%2Fv2%2Ftags&post=10715"}],"curies":[{"name":"wp","href":"https:\/\/api.w.org\/{rel}","templated":true}]}}