{"id":10716,"date":"2017-10-13T13:55:56","date_gmt":"2017-10-13T11:55:56","guid":{"rendered":"https:\/\/theworldwidejournal.com\/2017\/10\/13\/juncker-no-quiero-una-cataluna-independiente-otros-harian-lo-mismo\/"},"modified":"2017-10-13T13:55:56","modified_gmt":"2017-10-13T11:55:56","slug":"juncker-no-quiero-una-cataluna-independiente-otros-harian-lo-mismo","status":"publish","type":"post","link":"https:\/\/theworldwidejournal.com\/?p=10716","title":{"rendered":"Juncker: \u201cNo quiero una Catalu\u00f1a independiente; otros har\u00edan lo mismo\u201d"},"content":{"rendered":"<p>La Padania. C\u00f3rcega. Flandes. Escocia. Baviera. Tantos otros: apenas hay media docena de pa\u00edses en Europa que no presentan disputas territoriales destacables dentro de sus fronteras. &#8220;Si Catalu\u00f1a se independiza, otros har\u00edan lo mismo. Y no quiero una UE de 98 Estados&#8221;. El presidente de la Comisi\u00f3n Europea, Jean-Claude Juncker ha hecho este viernes en su Luxemburgo natal un alegato en contra del proceso independentista catal\u00e1n. Juncker se declara &#8220;muy preocupado&#8221; por el desaf\u00edo de Catalu\u00f1a, y reitera que el brazo Ejecutivo de la UE solo mediar\u00e1 si el Gobierno espa\u00f1ol lo solicita, tal como explic\u00f3 el pasado martes este diario. El jefe de la Comisi\u00f3n, en una conferencia en la Universidad de Luxemburgo, ha dado apoyo al presidente del Gobierno espa\u00f1ol, Mariano Rajoy, y ha tirado del mantra de que Catalu\u00f1a &#8220;es un asunto interno&#8221;. Pero ha desvelado que lleva tiempo presionando a Rajoy.Seguir leyendo.<br \/>\nVia: <a href=\"https:\/\/elpais.com\/politica\/2017\/10\/13\/actualidad\/1507888366_483654.html#?ref=rss&#038;format=simple&#038;link=link\" target=\"_blank\">Juncker: \u201cNo quiero una Catalu\u00f1a independiente; otros har\u00edan lo mismo\u201d<\/a><\/p>\n","protected":false},"excerpt":{"rendered":"<p>La Padania. C\u00f3rcega. Flandes. Escocia. Baviera. Tantos otros: apenas hay media docena de pa\u00edses en Europa que no presentan disputas territoriales destacables dentro de sus fronteras. &#8220;Si Catalu\u00f1a se independiza, otros har\u00edan lo mismo. Y no quiero una UE de 98 Estados&#8221;. El presidente de la Comisi\u00f3n Europea, Jean-Claude Juncker [&hellip;]<\/p>\n","protected":false},"author":2,"featured_media":0,"comment_status":"open","ping_status":"closed","sticky":false,"template":"","format":"standard","meta":{"footnotes":""},"categories":[6],"tags":[],"class_list":["post-10716","post","type-post","status-publish","format-standard","hentry","category-spanish"],"_links":{"self":[{"href":"https:\/\/theworldwidejournal.com\/index.php?rest_route=\/wp\/v2\/posts\/10716","targetHints":{"allow":["GET"]}}],"collection":[{"href":"https:\/\/theworldwidejournal.com\/index.php?rest_route=\/wp\/v2\/posts"}],"about":[{"href":"https:\/\/theworldwidejournal.com\/index.php?rest_route=\/wp\/v2\/types\/post"}],"author":[{"embeddable":true,"href":"https:\/\/theworldwidejournal.com\/index.php?rest_route=\/wp\/v2\/users\/2"}],"replies":[{"embeddable":true,"href":"https:\/\/theworldwidejournal.com\/index.php?rest_route=%2Fwp%2Fv2%2Fcomments&post=10716"}],"version-history":[{"count":0,"href":"https:\/\/theworldwidejournal.com\/index.php?rest_route=\/wp\/v2\/posts\/10716\/revisions"}],"wp:attachment":[{"href":"https:\/\/theworldwidejournal.com\/index.php?rest_route=%2Fwp%2Fv2%2Fmedia&parent=10716"}],"wp:term":[{"taxonomy":"category","embeddable":true,"href":"https:\/\/theworldwidejournal.com\/index.php?rest_route=%2Fwp%2Fv2%2Fcategories&post=10716"},{"taxonomy":"post_tag","embeddable":true,"href":"https:\/\/theworldwidejournal.com\/index.php?rest_route=%2Fwp%2Fv2%2Ftags&post=10716"}],"curies":[{"name":"wp","href":"https:\/\/api.w.org\/{rel}","templated":true}]}}