{"id":10720,"date":"2017-10-13T16:29:35","date_gmt":"2017-10-13T14:29:35","guid":{"rendered":"https:\/\/theworldwidejournal.com\/?p=10720"},"modified":"2017-10-13T16:29:35","modified_gmt":"2017-10-13T14:29:35","slug":"el-gobierno-rebajara-la-prevision-del-pib-si-no-hay-una-solucion-en-cataluna","status":"publish","type":"post","link":"https:\/\/theworldwidejournal.com\/?p=10720","title":{"rendered":"El Gobierno rebajar\u00e1 la previsi\u00f3n del PIB si no hay una \u00absoluci\u00f3n\u00bb en Catalu\u00f1a"},"content":{"rendered":"<p>La vicepresidenta del Gobierno, Soraya S\u00e1enz de Santamar\u00eda, ha apuntado este viernes que si no hay una &#8220;pronta soluci\u00f3n&#8221; a la situaci\u00f3n en Catalu\u00f1a el Gobierno bajar\u00e1 la previsi\u00f3n de crecimiento econ\u00f3mico para 2018, que actualmente est\u00e1 en el 2,6%. Durante la rueda de prensa posterior al Consejo de Ministros, S\u00e1enz de Santamar\u00eda ha explicado que el 2018 deb\u00eda ser un buen a\u00f1o para el crecimiento y el empleo, pero los acontecimientos que se est\u00e1n viviendo en Catalu\u00f1a hacen ser &#8220;m\u00e1s prudentes&#8221;. El Ministerio de Hacienda ha presentado un informe al Consejo &#8220;de cara a la remisi\u00f3n a Bruselas del plan presupuestario&#8221; para 2018 el pr\u00f3ximo lunes ante la falta de proyecto de cuentas. Esta misma semana, el ministro de Econom\u00eda, Industria y Competitividad, Luis de Guindos, avanz\u00f3 que la econom\u00eda espa\u00f1ola crecer\u00e1 un 3,1% este a\u00f1o, por encima del 3% previsto. De Guindos explic\u00f3 que el plan presupuestario que el Ejecutivo tiene que enviar a Bruselas antes del 15 de octubre, como exigen las normas de disciplina fiscal, no incluir\u00e1 cambios en la pol\u00edtica econ\u00f3mica porque no hay proyecto de Presupuesto, pero que actualizar\u00e1 las previsiones de crecimiento. De cara a 2018, el ministro se limit\u00f3 a se\u00f1alar que el crecimiento econ\u00f3mico de este ejercicio se extender\u00e1 &#8220;a las cifras del a\u00f1o que viene&#8221;, aunque de manera &#8220;extremadamente prudente&#8221;. Un riesgo para la recuperaci\u00f3n La vicepresidenta tambi\u00e9n ha alertado del da\u00f1o que el proceso secesionista est\u00e1 teniendo en la econom\u00eda catalana, ya que la agencia de medici\u00f3n de riesgos Standard &amp; Poor&#8217;s apunt\u00f3 ayer que el conflicto secesionista podr\u00eda llevar la comunidad aut\u00f3noma a la recesi\u00f3n. &#8220;Los acontecimientos en Catalu\u00f1a est\u00e1n poniendo en riesgo la recuperaci\u00f3n econ\u00f3mica&#8221; y la creaci\u00f3n de empleo en la regi\u00f3n, ha insistido, como refleja el &#8220;par\u00f3n&#8221; de la inversi\u00f3n y la &#8220;ca\u00edda dram\u00e1tica&#8221; de las reservas tur\u00edsticas. &#8220;La Generalitat est\u00e1 creando todas las condiciones para sumir a Catalu\u00f1a en una profunda recesi\u00f3n, como han advertido expertos&#8221;, ha insistido.<br \/>\nVia: <a href=\"http:\/\/www.abc.es\/economia\/abci-gobierno-rebajara-prevision-2018-si-no-pronta-solucion-situacion-cataluna-201710131429_noticia.html\" target=\"_blank\">El Gobierno rebajar\u00e1 la previsi\u00f3n del PIB si no hay una \u00absoluci\u00f3n\u00bb en Catalu\u00f1a<\/a><\/p>\n","protected":false},"excerpt":{"rendered":"<p>La vicepresidenta del Gobierno, Soraya S\u00e1enz de Santamar\u00eda, ha apuntado este viernes que si no hay una &#8220;pronta soluci\u00f3n&#8221; a la situaci\u00f3n en Catalu\u00f1a el Gobierno bajar\u00e1 la previsi\u00f3n de crecimiento econ\u00f3mico para 2018, que actualmente est\u00e1 en el 2,6%. Durante la rueda de prensa posterior al Consejo de Ministros, [&hellip;]<\/p>\n","protected":false},"author":2,"featured_media":10721,"comment_status":"open","ping_status":"closed","sticky":false,"template":"","format":"standard","meta":{"footnotes":""},"categories":[6],"tags":[],"class_list":["post-10720","post","type-post","status-publish","format-standard","has-post-thumbnail","hentry","category-spanish"],"_links":{"self":[{"href":"https:\/\/theworldwidejournal.com\/index.php?rest_route=\/wp\/v2\/posts\/10720","targetHints":{"allow":["GET"]}}],"collection":[{"href":"https:\/\/theworldwidejournal.com\/index.php?rest_route=\/wp\/v2\/posts"}],"about":[{"href":"https:\/\/theworldwidejournal.com\/index.php?rest_route=\/wp\/v2\/types\/post"}],"author":[{"embeddable":true,"href":"https:\/\/theworldwidejournal.com\/index.php?rest_route=\/wp\/v2\/users\/2"}],"replies":[{"embeddable":true,"href":"https:\/\/theworldwidejournal.com\/index.php?rest_route=%2Fwp%2Fv2%2Fcomments&post=10720"}],"version-history":[{"count":0,"href":"https:\/\/theworldwidejournal.com\/index.php?rest_route=\/wp\/v2\/posts\/10720\/revisions"}],"wp:featuredmedia":[{"embeddable":true,"href":"https:\/\/theworldwidejournal.com\/index.php?rest_route=\/wp\/v2\/media\/10721"}],"wp:attachment":[{"href":"https:\/\/theworldwidejournal.com\/index.php?rest_route=%2Fwp%2Fv2%2Fmedia&parent=10720"}],"wp:term":[{"taxonomy":"category","embeddable":true,"href":"https:\/\/theworldwidejournal.com\/index.php?rest_route=%2Fwp%2Fv2%2Fcategories&post=10720"},{"taxonomy":"post_tag","embeddable":true,"href":"https:\/\/theworldwidejournal.com\/index.php?rest_route=%2Fwp%2Fv2%2Ftags&post=10720"}],"curies":[{"name":"wp","href":"https:\/\/api.w.org\/{rel}","templated":true}]}}