{"id":10783,"date":"2017-10-13T23:33:26","date_gmt":"2017-10-13T21:33:26","guid":{"rendered":"https:\/\/theworldwidejournal.com\/2017\/10\/13\/el-orgullo-desatado\/"},"modified":"2017-10-13T23:33:26","modified_gmt":"2017-10-13T21:33:26","slug":"el-orgullo-desatado","status":"publish","type":"post","link":"https:\/\/theworldwidejournal.com\/?p=10783","title":{"rendered":"El orgullo desatado"},"content":{"rendered":"<p>Se dice, se escribe: quien no saca la bandera espa\u00f1ola al balc\u00f3n es un acomplejado. Camino lleva de convertirse esta consideraci\u00f3n en lugar com\u00fan. Acomplejada. Honestamente, no me veo. Para quien es hija de madre aragonesa\/valenciana (Ademuz es un enclave) y de andaluz, para quien naci\u00f3 en C\u00e1diz y conserva nostalgia escolar de Palma, para quien estudi\u00f3 en un instituto del Retiro, sac\u00f3 sus oposiciones de locutora en M\u00e1laga, y sigui\u00f3 mud\u00e1ndose de manera insensata de la periferia al centro de Madrid y viceversa, para alguien con ra\u00edces tan diversas, \u00bfcu\u00e1l ha sido la respuesta obvia a quien preguntaba en Nueva York, y t\u00fa, de d\u00f3nde eres? Desacomplejadamente, respond\u00eda que espa\u00f1ola porque es lo que soy. Jam\u00e1s dud\u00e9 de que al otro lado del oc\u00e9ano estaba mi sanidad, el punto del mapa donde pago mis impuestos, pero sobre todo el lugar donde sit\u00fao mis recuerdos, la tierra donde reposan mis padres y las calles en las que se afanan a diario mis seres queridos. Incluyo algo esencial: la patria m\u00e1s chica de quien escribe es su sintaxis, ese particular orden \u00edntimo aprendido desde la infancia que nos proporciona una voz singular. \u00bfComplejo? Ninguno. Pero tampoco orgullo. De la misma manera que siempre me ha irritado esa cansina descripci\u00f3n derrotista de mi pa\u00eds en la que encuentro m\u00e1s pose que sinceridad, me inquietan las declaraciones exacerbadas de orgullo colectivo. Y vaya, parece que no hay manera de escapar de ellas. Seamos claros, tildar de acomplejados a los que no se envuelven en la bandera o no le dan m\u00e1s sentido a una fiesta que el de tener un d\u00eda de descanso es para algunos opinadores que leo\/escucho un eufemismo de ser antipatriota, y me deja at\u00f3nita que quienes tanto critican la comprensible angustia que provoca una sociedad en permanente despliegue de sus s\u00edmbolos identitarios vean razonable contestar con un \u00f3rdago de la misma \u00edndole.Seguir leyendo.<br \/>\nVia: <a href=\"https:\/\/elpais.com\/cultura\/2017\/10\/13\/actualidad\/1507907853_225262.html#?ref=rss&#038;format=simple&#038;link=link\" target=\"_blank\">El orgullo desatado<\/a><\/p>\n","protected":false},"excerpt":{"rendered":"<p>Se dice, se escribe: quien no saca la bandera espa\u00f1ola al balc\u00f3n es un acomplejado. Camino lleva de convertirse esta consideraci\u00f3n en lugar com\u00fan. Acomplejada. Honestamente, no me veo. Para quien es hija de madre aragonesa\/valenciana (Ademuz es un enclave) y de andaluz, para quien naci\u00f3 en C\u00e1diz y conserva [&hellip;]<\/p>\n","protected":false},"author":2,"featured_media":0,"comment_status":"open","ping_status":"closed","sticky":false,"template":"","format":"standard","meta":{"footnotes":""},"categories":[6],"tags":[],"class_list":["post-10783","post","type-post","status-publish","format-standard","hentry","category-spanish"],"_links":{"self":[{"href":"https:\/\/theworldwidejournal.com\/index.php?rest_route=\/wp\/v2\/posts\/10783","targetHints":{"allow":["GET"]}}],"collection":[{"href":"https:\/\/theworldwidejournal.com\/index.php?rest_route=\/wp\/v2\/posts"}],"about":[{"href":"https:\/\/theworldwidejournal.com\/index.php?rest_route=\/wp\/v2\/types\/post"}],"author":[{"embeddable":true,"href":"https:\/\/theworldwidejournal.com\/index.php?rest_route=\/wp\/v2\/users\/2"}],"replies":[{"embeddable":true,"href":"https:\/\/theworldwidejournal.com\/index.php?rest_route=%2Fwp%2Fv2%2Fcomments&post=10783"}],"version-history":[{"count":0,"href":"https:\/\/theworldwidejournal.com\/index.php?rest_route=\/wp\/v2\/posts\/10783\/revisions"}],"wp:attachment":[{"href":"https:\/\/theworldwidejournal.com\/index.php?rest_route=%2Fwp%2Fv2%2Fmedia&parent=10783"}],"wp:term":[{"taxonomy":"category","embeddable":true,"href":"https:\/\/theworldwidejournal.com\/index.php?rest_route=%2Fwp%2Fv2%2Fcategories&post=10783"},{"taxonomy":"post_tag","embeddable":true,"href":"https:\/\/theworldwidejournal.com\/index.php?rest_route=%2Fwp%2Fv2%2Ftags&post=10783"}],"curies":[{"name":"wp","href":"https:\/\/api.w.org\/{rel}","templated":true}]}}