{"id":10795,"date":"2017-10-14T04:43:26","date_gmt":"2017-10-14T02:43:26","guid":{"rendered":"https:\/\/theworldwidejournal.com\/?p=10795"},"modified":"2017-10-14T04:43:26","modified_gmt":"2017-10-14T02:43:26","slug":"chile-apoya-la-unidad-de-espana-y-no-reconocera-a-cataluna-independiente","status":"publish","type":"post","link":"https:\/\/theworldwidejournal.com\/?p=10795","title":{"rendered":"Chile apoya la unidad de Espa\u00f1a y no reconocer\u00e1 a Catalu\u00f1a independiente"},"content":{"rendered":"<p>El Gobierno de Chile ha trasladado este viernes su apoyo \u00abal estado de derecho, al orden democr\u00e1tico y a la unidad de Espa\u00f1a\u00bb y ha reiterado que \u00abno reconocer\u00e1 cualquier acto o declaraci\u00f3n unilateral de independencia\u00bb de Catalu\u00f1a. En un comunicado, Chile ha expresado su confianza en la capacidad del Ejecutivo de Mariano Rajoy para buscar, \u00aba trav\u00e9s del di\u00e1logo con las autoridades pertinentes\u00bb, una soluci\u00f3n institucional ante el desaf\u00edo soberanista catal\u00e1n que garantice \u00abla plena vigencia del orden constitucional y el respeto de los derechos y libertades de todos los espa\u00f1oles\u00bb. El Gobierno de Michelle Bachelet, que ha asegurado haber seguido \u00abcon atenci\u00f3n\u00bb el desarrollo de los acontecimientos ocurridos en los \u00faltimos d\u00edas en Catalu\u00f1a, ha subrayado los \u00abprofundos lazos de amistad\u00bb que le unen con Espa\u00f1a. Unos lazos, ha subrayado, \u00abque se proyectan hacia un futuro com\u00fan en un amplio espectro de temas, tanto a nivel bilateral, interregional como multilateral\u00bb.<br \/>\nVia: <a href=\"http:\/\/www.abc.es\/espana\/abci-chile-apoya-unidad-espana-y-no-reconocera-cataluna-independiente-201710140243_noticia.html\" target=\"_blank\">Chile apoya la unidad de Espa\u00f1a y no reconocer\u00e1 a Catalu\u00f1a independiente<\/a><\/p>\n","protected":false},"excerpt":{"rendered":"<p>El Gobierno de Chile ha trasladado este viernes su apoyo \u00abal estado de derecho, al orden democr\u00e1tico y a la unidad de Espa\u00f1a\u00bb y ha reiterado que \u00abno reconocer\u00e1 cualquier acto o declaraci\u00f3n unilateral de independencia\u00bb de Catalu\u00f1a. En un comunicado, Chile ha expresado su confianza en la capacidad del [&hellip;]<\/p>\n","protected":false},"author":2,"featured_media":10796,"comment_status":"open","ping_status":"closed","sticky":false,"template":"","format":"standard","meta":{"footnotes":""},"categories":[6],"tags":[],"class_list":["post-10795","post","type-post","status-publish","format-standard","has-post-thumbnail","hentry","category-spanish"],"_links":{"self":[{"href":"https:\/\/theworldwidejournal.com\/index.php?rest_route=\/wp\/v2\/posts\/10795","targetHints":{"allow":["GET"]}}],"collection":[{"href":"https:\/\/theworldwidejournal.com\/index.php?rest_route=\/wp\/v2\/posts"}],"about":[{"href":"https:\/\/theworldwidejournal.com\/index.php?rest_route=\/wp\/v2\/types\/post"}],"author":[{"embeddable":true,"href":"https:\/\/theworldwidejournal.com\/index.php?rest_route=\/wp\/v2\/users\/2"}],"replies":[{"embeddable":true,"href":"https:\/\/theworldwidejournal.com\/index.php?rest_route=%2Fwp%2Fv2%2Fcomments&post=10795"}],"version-history":[{"count":0,"href":"https:\/\/theworldwidejournal.com\/index.php?rest_route=\/wp\/v2\/posts\/10795\/revisions"}],"wp:featuredmedia":[{"embeddable":true,"href":"https:\/\/theworldwidejournal.com\/index.php?rest_route=\/wp\/v2\/media\/10796"}],"wp:attachment":[{"href":"https:\/\/theworldwidejournal.com\/index.php?rest_route=%2Fwp%2Fv2%2Fmedia&parent=10795"}],"wp:term":[{"taxonomy":"category","embeddable":true,"href":"https:\/\/theworldwidejournal.com\/index.php?rest_route=%2Fwp%2Fv2%2Fcategories&post=10795"},{"taxonomy":"post_tag","embeddable":true,"href":"https:\/\/theworldwidejournal.com\/index.php?rest_route=%2Fwp%2Fv2%2Ftags&post=10795"}],"curies":[{"name":"wp","href":"https:\/\/api.w.org\/{rel}","templated":true}]}}