{"id":10853,"date":"2017-10-14T14:52:11","date_gmt":"2017-10-14T12:52:11","guid":{"rendered":"https:\/\/theworldwidejournal.com\/2017\/10\/14\/la-cup-exige-a-puigdemont-una-respuesta-nitidamente-afirmativa\/"},"modified":"2017-10-14T14:52:11","modified_gmt":"2017-10-14T12:52:11","slug":"la-cup-exige-a-puigdemont-una-respuesta-nitidamente-afirmativa","status":"publish","type":"post","link":"https:\/\/theworldwidejournal.com\/?p=10853","title":{"rendered":"La CUP exige a Puigdemont una respuesta \u201cn\u00edtidamente afirmativa\u201d"},"content":{"rendered":"<p>La CUP exige que &#8220;el lunes la respuesta de Carles Puigdemont sea n\u00edtidamente afirmativa y que vaya acompa\u00f1ada de un acto solemne&#8221;, seg\u00fan ha declarado esta ma\u00f1ana N\u00faria Gibert, portavoz del secretariado nacional de la formaci\u00f3n anticapitalista. El presidente del Gobierno, Mariano Rajoy, ha requerido a la Generalitat para que confirme si ha declarado la independencia.\u00a0 Para la CUP ya no hay margen para un di\u00e1logo entre los Gobiernos de Catalu\u00f1a y Espa\u00f1a. La portavoz de los anticapitalistas ha dado por finalizado esta ma\u00f1ana el tiempo de espera para ver si era posible ese acercamiento. El pasado martes, el tambi\u00e9n portavoz Quim Arrufat hab\u00eda hablado de un mes pero hoy Gibert cree que ante la activaci\u00f3n del art\u00edculo 155 de la Constituci\u00f3n no tiene sentido seguir esperando.Seguir leyendo.<br \/>\nVia: <a href=\"https:\/\/elpais.com\/ccaa\/2017\/10\/14\/catalunya\/1507982674_623828.html#?ref=rss&#038;format=simple&#038;link=link\" target=\"_blank\">La CUP exige a Puigdemont una respuesta \u201cn\u00edtidamente afirmativa\u201d<\/a><\/p>\n","protected":false},"excerpt":{"rendered":"<p>La CUP exige que &#8220;el lunes la respuesta de Carles Puigdemont sea n\u00edtidamente afirmativa y que vaya acompa\u00f1ada de un acto solemne&#8221;, seg\u00fan ha declarado esta ma\u00f1ana N\u00faria Gibert, portavoz del secretariado nacional de la formaci\u00f3n anticapitalista. El presidente del Gobierno, Mariano Rajoy, ha requerido a la Generalitat para que [&hellip;]<\/p>\n","protected":false},"author":2,"featured_media":0,"comment_status":"open","ping_status":"closed","sticky":false,"template":"","format":"standard","meta":{"footnotes":""},"categories":[6],"tags":[],"class_list":["post-10853","post","type-post","status-publish","format-standard","hentry","category-spanish"],"_links":{"self":[{"href":"https:\/\/theworldwidejournal.com\/index.php?rest_route=\/wp\/v2\/posts\/10853","targetHints":{"allow":["GET"]}}],"collection":[{"href":"https:\/\/theworldwidejournal.com\/index.php?rest_route=\/wp\/v2\/posts"}],"about":[{"href":"https:\/\/theworldwidejournal.com\/index.php?rest_route=\/wp\/v2\/types\/post"}],"author":[{"embeddable":true,"href":"https:\/\/theworldwidejournal.com\/index.php?rest_route=\/wp\/v2\/users\/2"}],"replies":[{"embeddable":true,"href":"https:\/\/theworldwidejournal.com\/index.php?rest_route=%2Fwp%2Fv2%2Fcomments&post=10853"}],"version-history":[{"count":0,"href":"https:\/\/theworldwidejournal.com\/index.php?rest_route=\/wp\/v2\/posts\/10853\/revisions"}],"wp:attachment":[{"href":"https:\/\/theworldwidejournal.com\/index.php?rest_route=%2Fwp%2Fv2%2Fmedia&parent=10853"}],"wp:term":[{"taxonomy":"category","embeddable":true,"href":"https:\/\/theworldwidejournal.com\/index.php?rest_route=%2Fwp%2Fv2%2Fcategories&post=10853"},{"taxonomy":"post_tag","embeddable":true,"href":"https:\/\/theworldwidejournal.com\/index.php?rest_route=%2Fwp%2Fv2%2Ftags&post=10853"}],"curies":[{"name":"wp","href":"https:\/\/api.w.org\/{rel}","templated":true}]}}