{"id":109067,"date":"2019-09-06T00:48:17","date_gmt":"2019-09-05T22:48:17","guid":{"rendered":"https:\/\/theworldwidejournal.com\/2019\/09\/06\/escasez-de-personal-en-los-geriatricos-de-la-comunidad-de-madrid-hay-215-vacantes-a-pesar-de-las-quejas-por-falta-de-cuidados\/"},"modified":"2019-09-06T00:48:17","modified_gmt":"2019-09-05T22:48:17","slug":"escasez-de-personal-en-los-geriatricos-de-la-comunidad-de-madrid-hay-215-vacantes-a-pesar-de-las-quejas-por-falta-de-cuidados","status":"publish","type":"post","link":"https:\/\/theworldwidejournal.com\/?p=109067","title":{"rendered":"Escasez de personal en los geri\u00e1tricos de la Comunidad de Madrid: hay 215 vacantes a pesar de las quejas por falta de cuidados"},"content":{"rendered":"<p>Las 25 residencias p\u00fablicas de la Comunidad de Madrid tienen 215 puestos de trabajo vacantes, seg\u00fan admite la propia consejer\u00eda en respuesta a una petici\u00f3n de informaci\u00f3n por v\u00eda parlamentaria a la que ha tenido acceso EL PA\u00cdS. La insuficiencia de personal es una queja com\u00fan de familias y trabajadores en las 473 residencias de ancianos en la regi\u00f3n, ya sean de gesti\u00f3n p\u00fablica o privada. Se trata de una de las carencias m\u00e1s sensibles en un sector en expansi\u00f3n por el envejecimiento, y que genera preocupaci\u00f3n por la calidad de la atenci\u00f3n a personas en condiciones muy vulnerables.Seguir leyendo.<br \/>\nVia: <a href=\"https:\/\/elpais.com\/ccaa\/2019\/09\/05\/madrid\/1567718159_274673.html#?ref=rss&#038;format=simple&#038;link=link\" target=\"_blank\">Escasez de personal en los geri\u00e1tricos de la Comunidad de Madrid: hay 215 vacantes a pesar de las quejas por falta de cuidados<\/a><\/p>\n","protected":false},"excerpt":{"rendered":"<p>Las 25 residencias p\u00fablicas de la Comunidad de Madrid tienen 215 puestos de trabajo vacantes, seg\u00fan admite la propia consejer\u00eda en respuesta a una petici\u00f3n de informaci\u00f3n por v\u00eda parlamentaria a la que ha tenido acceso EL PA\u00cdS. La insuficiencia de personal es una queja com\u00fan de familias y trabajadores [&hellip;]<\/p>\n","protected":false},"author":2,"featured_media":0,"comment_status":"open","ping_status":"closed","sticky":false,"template":"","format":"standard","meta":{"footnotes":""},"categories":[6],"tags":[],"class_list":["post-109067","post","type-post","status-publish","format-standard","hentry","category-spanish"],"_links":{"self":[{"href":"https:\/\/theworldwidejournal.com\/index.php?rest_route=\/wp\/v2\/posts\/109067","targetHints":{"allow":["GET"]}}],"collection":[{"href":"https:\/\/theworldwidejournal.com\/index.php?rest_route=\/wp\/v2\/posts"}],"about":[{"href":"https:\/\/theworldwidejournal.com\/index.php?rest_route=\/wp\/v2\/types\/post"}],"author":[{"embeddable":true,"href":"https:\/\/theworldwidejournal.com\/index.php?rest_route=\/wp\/v2\/users\/2"}],"replies":[{"embeddable":true,"href":"https:\/\/theworldwidejournal.com\/index.php?rest_route=%2Fwp%2Fv2%2Fcomments&post=109067"}],"version-history":[{"count":0,"href":"https:\/\/theworldwidejournal.com\/index.php?rest_route=\/wp\/v2\/posts\/109067\/revisions"}],"wp:attachment":[{"href":"https:\/\/theworldwidejournal.com\/index.php?rest_route=%2Fwp%2Fv2%2Fmedia&parent=109067"}],"wp:term":[{"taxonomy":"category","embeddable":true,"href":"https:\/\/theworldwidejournal.com\/index.php?rest_route=%2Fwp%2Fv2%2Fcategories&post=109067"},{"taxonomy":"post_tag","embeddable":true,"href":"https:\/\/theworldwidejournal.com\/index.php?rest_route=%2Fwp%2Fv2%2Ftags&post=109067"}],"curies":[{"name":"wp","href":"https:\/\/api.w.org\/{rel}","templated":true}]}}