{"id":109078,"date":"2019-09-06T02:45:36","date_gmt":"2019-09-06T00:45:36","guid":{"rendered":"https:\/\/theworldwidejournal.com\/2019\/09\/06\/madrid-dedicara-un-polideportivo-a-la-exesquiadora-olimpica\/"},"modified":"2019-09-06T02:45:36","modified_gmt":"2019-09-06T00:45:36","slug":"madrid-dedicara-un-polideportivo-a-la-exesquiadora-olimpica","status":"publish","type":"post","link":"https:\/\/theworldwidejournal.com\/?p=109078","title":{"rendered":"Madrid dedicar\u00e1 un polideportivo a la exesquiadora ol\u00edmpica"},"content":{"rendered":"<p>Una nueva instalaci\u00f3n deportiva del Ayuntamiento de Madrid llevar\u00e1 el nombre de la primera medallista ol\u00edmpica espa\u00f1ola Blanca Fern\u00e1ndez Ochoa como homenaje. As\u00ed lo acord\u00f3 ayer la Junta de Gobierno de la capital tras hallar el cad\u00e1ver de la exesquiadora en La Pe\u00f1ota, en el municipio de Cercerdilla, despu\u00e9s de m\u00e1s de diez d\u00edas desaparecida. La portavoz del gobierno municipal, Inmaculada Sanz Otero, quiso iniciar la comparecencia expresando su p\u00e9same a los familiares en nombre de todo el equipo de PP y Ciudadanos en la capital. \u00abFern\u00e1ndez Ochoa fue pionera en el deporte femenino y Madrid le debe un legado\u00bb, arguy\u00f3 la concejal popular, que asegur\u00f3 que van a \u00abestudiar todas las posibles instalaciones deportivas\u00bb, tanto las ya existentes como las de nueva construcci\u00f3n, \u00abpara decidir cu\u00e1l ser\u00e1 el que albergue su nombre\u00bb. \u00abTiene m\u00e9ritos m\u00e1s que sobrados para que el deporte lleve su nombre en la ciudad que tanto amaba y donde vivi\u00f3 durante casi toda su vida\u00bb, recalc\u00f3 la portavoz del gobierno municipal, que record\u00f3 que la deportista naci\u00f3 y pas\u00f3 la mayor parte de su infancia en el barrio de Carabanchel.<br \/>\nVia: <a href=\"https:\/\/www.abc.es\/deportes\/abci-madrid-dedicara-polideportivo-exesquiadora-olimpica-201909060245_noticia.html\" target=\"_blank\">Madrid dedicar\u00e1 un polideportivo a la exesquiadora ol\u00edmpica<\/a><\/p>\n","protected":false},"excerpt":{"rendered":"<p>Una nueva instalaci\u00f3n deportiva del Ayuntamiento de Madrid llevar\u00e1 el nombre de la primera medallista ol\u00edmpica espa\u00f1ola Blanca Fern\u00e1ndez Ochoa como homenaje. As\u00ed lo acord\u00f3 ayer la Junta de Gobierno de la capital tras hallar el cad\u00e1ver de la exesquiadora en La Pe\u00f1ota, en el municipio de Cercerdilla, despu\u00e9s de [&hellip;]<\/p>\n","protected":false},"author":2,"featured_media":109079,"comment_status":"open","ping_status":"closed","sticky":false,"template":"","format":"standard","meta":{"footnotes":""},"categories":[6],"tags":[],"class_list":["post-109078","post","type-post","status-publish","format-standard","has-post-thumbnail","hentry","category-spanish"],"_links":{"self":[{"href":"https:\/\/theworldwidejournal.com\/index.php?rest_route=\/wp\/v2\/posts\/109078","targetHints":{"allow":["GET"]}}],"collection":[{"href":"https:\/\/theworldwidejournal.com\/index.php?rest_route=\/wp\/v2\/posts"}],"about":[{"href":"https:\/\/theworldwidejournal.com\/index.php?rest_route=\/wp\/v2\/types\/post"}],"author":[{"embeddable":true,"href":"https:\/\/theworldwidejournal.com\/index.php?rest_route=\/wp\/v2\/users\/2"}],"replies":[{"embeddable":true,"href":"https:\/\/theworldwidejournal.com\/index.php?rest_route=%2Fwp%2Fv2%2Fcomments&post=109078"}],"version-history":[{"count":0,"href":"https:\/\/theworldwidejournal.com\/index.php?rest_route=\/wp\/v2\/posts\/109078\/revisions"}],"wp:featuredmedia":[{"embeddable":true,"href":"https:\/\/theworldwidejournal.com\/index.php?rest_route=\/wp\/v2\/media\/109079"}],"wp:attachment":[{"href":"https:\/\/theworldwidejournal.com\/index.php?rest_route=%2Fwp%2Fv2%2Fmedia&parent=109078"}],"wp:term":[{"taxonomy":"category","embeddable":true,"href":"https:\/\/theworldwidejournal.com\/index.php?rest_route=%2Fwp%2Fv2%2Fcategories&post=109078"},{"taxonomy":"post_tag","embeddable":true,"href":"https:\/\/theworldwidejournal.com\/index.php?rest_route=%2Fwp%2Fv2%2Ftags&post=109078"}],"curies":[{"name":"wp","href":"https:\/\/api.w.org\/{rel}","templated":true}]}}