{"id":109097,"date":"2019-09-06T11:49:10","date_gmt":"2019-09-06T09:49:10","guid":{"rendered":"https:\/\/theworldwidejournal.com\/2019\/09\/06\/les-detenus-condamnes-pour-terrorisme-peuvent-demander-un-amenagement-de-peine-tranche-le-conseil-constitutionnel\/"},"modified":"2019-09-06T11:49:10","modified_gmt":"2019-09-06T09:49:10","slug":"les-detenus-condamnes-pour-terrorisme-peuvent-demander-un-amenagement-de-peine-tranche-le-conseil-constitutionnel","status":"publish","type":"post","link":"https:\/\/theworldwidejournal.com\/?p=109097","title":{"rendered":"Les d\u00e9tenus condamn\u00e9s pour terrorisme peuvent demander un am\u00e9nagement de peine, tranche le Conseil constitutionnel"},"content":{"rendered":"<p>La d\u00e9cision, issue d\u2019une QPC, d\u00e9clare contraire \u00e0 la Constitution une disposition issue d\u2019une loi antiterroriste de 2016. Les \u00ab\u00a0sages\u00a0\u00bb demandent au l\u00e9gislateur de modifier la loi d\u2019ici au 1er\u00a0juillet\u00a02020.<br \/>\nVia: <a href=\"https:\/\/www.lemonde.fr\/societe\/article\/2019\/09\/06\/les-detenus-condamnes-pour-terrorisme-peuvent-demander-un-amenagement-de-peine-tranche-le-conseil-constitutionnel_5507162_3224.html\" target=\"_blank\">Les d\u00e9tenus condamn\u00e9s pour terrorisme peuvent demander un am\u00e9nagement de peine, tranche le Conseil constitutionnel<\/a><\/p>\n","protected":false},"excerpt":{"rendered":"<p>La d\u00e9cision, issue d\u2019une QPC, d\u00e9clare contraire \u00e0 la Constitution une disposition issue d\u2019une loi antiterroriste de 2016. Les \u00ab\u00a0sages\u00a0\u00bb demandent au l\u00e9gislateur de modifier la loi d\u2019ici au 1er\u00a0juillet\u00a02020. Via: Les d\u00e9tenus condamn\u00e9s pour terrorisme peuvent demander un am\u00e9nagement de peine, tranche le Conseil constitutionnel<\/p>\n","protected":false},"author":2,"featured_media":0,"comment_status":"open","ping_status":"closed","sticky":false,"template":"","format":"standard","meta":{"footnotes":""},"categories":[4],"tags":[],"class_list":["post-109097","post","type-post","status-publish","format-standard","hentry","category-french"],"_links":{"self":[{"href":"https:\/\/theworldwidejournal.com\/index.php?rest_route=\/wp\/v2\/posts\/109097","targetHints":{"allow":["GET"]}}],"collection":[{"href":"https:\/\/theworldwidejournal.com\/index.php?rest_route=\/wp\/v2\/posts"}],"about":[{"href":"https:\/\/theworldwidejournal.com\/index.php?rest_route=\/wp\/v2\/types\/post"}],"author":[{"embeddable":true,"href":"https:\/\/theworldwidejournal.com\/index.php?rest_route=\/wp\/v2\/users\/2"}],"replies":[{"embeddable":true,"href":"https:\/\/theworldwidejournal.com\/index.php?rest_route=%2Fwp%2Fv2%2Fcomments&post=109097"}],"version-history":[{"count":0,"href":"https:\/\/theworldwidejournal.com\/index.php?rest_route=\/wp\/v2\/posts\/109097\/revisions"}],"wp:attachment":[{"href":"https:\/\/theworldwidejournal.com\/index.php?rest_route=%2Fwp%2Fv2%2Fmedia&parent=109097"}],"wp:term":[{"taxonomy":"category","embeddable":true,"href":"https:\/\/theworldwidejournal.com\/index.php?rest_route=%2Fwp%2Fv2%2Fcategories&post=109097"},{"taxonomy":"post_tag","embeddable":true,"href":"https:\/\/theworldwidejournal.com\/index.php?rest_route=%2Fwp%2Fv2%2Ftags&post=109097"}],"curies":[{"name":"wp","href":"https:\/\/api.w.org\/{rel}","templated":true}]}}