{"id":109137,"date":"2019-09-06T15:56:58","date_gmt":"2019-09-06T13:56:58","guid":{"rendered":"https:\/\/theworldwidejournal.com\/2019\/09\/06\/la-junta-de-andalucia-lanza-una-nueva-alerta-por-listeria-por-otra-marca-de-carne-mechada-contaminada\/"},"modified":"2019-09-06T15:56:58","modified_gmt":"2019-09-06T13:56:58","slug":"la-junta-de-andalucia-lanza-una-nueva-alerta-por-listeria-por-otra-marca-de-carne-mechada-contaminada","status":"publish","type":"post","link":"https:\/\/theworldwidejournal.com\/?p=109137","title":{"rendered":"La Junta de Andaluc\u00eda lanza una nueva alerta por listeria por otra marca de carne mechada contaminada"},"content":{"rendered":"<p>La Junta de Andaluc\u00eda acaba de lanzar una alerta nacional por listeriosis tras detectar una nueva marca de carne mechada, Sabores de Paterna \u2014fabricada en Paterna de Rivera, en la provincia de C\u00e1diz\u2014, que ha dado positivo en la bacteria. As\u00ed lo ha anunciado el consejero de Sanidad andaluz, Jes\u00fas Aguirre, que ha informado de que se ha decretado el cierre cautelar de la empresa, el cese de toda su producci\u00f3n y la retirada del producto del mercado. Se est\u00e1 analizando si la cepa es la misma que la de la carne La Mech\u00e1, fabricada por Magrudis, origen del mayor brote de listeria de Espa\u00f1a. La Consejer\u00eda no tiene constancia de ning\u00fan afectado vinculado a esta nueva infecci\u00f3n.Seguir leyendo.<br \/>\nVia: <a href=\"https:\/\/elpais.com\/sociedad\/2019\/09\/06\/actualidad\/1567770709_618948.html#?ref=rss&#038;format=simple&#038;link=link\" target=\"_blank\">La Junta de Andaluc\u00eda lanza una nueva alerta por listeria por otra marca de carne mechada contaminada<\/a><\/p>\n","protected":false},"excerpt":{"rendered":"<p>La Junta de Andaluc\u00eda acaba de lanzar una alerta nacional por listeriosis tras detectar una nueva marca de carne mechada, Sabores de Paterna \u2014fabricada en Paterna de Rivera, en la provincia de C\u00e1diz\u2014, que ha dado positivo en la bacteria. As\u00ed lo ha anunciado el consejero de Sanidad andaluz, Jes\u00fas [&hellip;]<\/p>\n","protected":false},"author":2,"featured_media":0,"comment_status":"open","ping_status":"closed","sticky":false,"template":"","format":"standard","meta":{"footnotes":""},"categories":[6],"tags":[],"class_list":["post-109137","post","type-post","status-publish","format-standard","hentry","category-spanish"],"_links":{"self":[{"href":"https:\/\/theworldwidejournal.com\/index.php?rest_route=\/wp\/v2\/posts\/109137","targetHints":{"allow":["GET"]}}],"collection":[{"href":"https:\/\/theworldwidejournal.com\/index.php?rest_route=\/wp\/v2\/posts"}],"about":[{"href":"https:\/\/theworldwidejournal.com\/index.php?rest_route=\/wp\/v2\/types\/post"}],"author":[{"embeddable":true,"href":"https:\/\/theworldwidejournal.com\/index.php?rest_route=\/wp\/v2\/users\/2"}],"replies":[{"embeddable":true,"href":"https:\/\/theworldwidejournal.com\/index.php?rest_route=%2Fwp%2Fv2%2Fcomments&post=109137"}],"version-history":[{"count":0,"href":"https:\/\/theworldwidejournal.com\/index.php?rest_route=\/wp\/v2\/posts\/109137\/revisions"}],"wp:attachment":[{"href":"https:\/\/theworldwidejournal.com\/index.php?rest_route=%2Fwp%2Fv2%2Fmedia&parent=109137"}],"wp:term":[{"taxonomy":"category","embeddable":true,"href":"https:\/\/theworldwidejournal.com\/index.php?rest_route=%2Fwp%2Fv2%2Fcategories&post=109137"},{"taxonomy":"post_tag","embeddable":true,"href":"https:\/\/theworldwidejournal.com\/index.php?rest_route=%2Fwp%2Fv2%2Ftags&post=109137"}],"curies":[{"name":"wp","href":"https:\/\/api.w.org\/{rel}","templated":true}]}}