{"id":109148,"date":"2019-09-06T14:30:57","date_gmt":"2019-09-06T12:30:57","guid":{"rendered":"https:\/\/theworldwidejournal.com\/2019\/09\/06\/vox-se-retracta-y-rechaza-la-coalicion-pp-y-cs-por-su-camino-nosotros-por-el-nuestro\/"},"modified":"2019-09-06T14:30:57","modified_gmt":"2019-09-06T12:30:57","slug":"vox-se-retracta-y-rechaza-la-coalicion-pp-y-cs-por-su-camino-nosotros-por-el-nuestro","status":"publish","type":"post","link":"https:\/\/theworldwidejournal.com\/?p=109148","title":{"rendered":"Vox se retracta y rechaza la coalici\u00f3n: \u00abPP y Cs por su camino, nosotros por el nuestro\u00bb"},"content":{"rendered":"<p>Iv\u00e1n Espinosa de los Monteros, portavoz de Vox en el Congreso de los Diputados, ha afirmado que esta ma\u00f1ana no ha estado \u00abclaro\u00bb en la entrevista en TVE en la que no ha descartado una posible coalici\u00f3n con PP y Ciudadanos en las provincias \u00abcon menos esca\u00f1os\u00bb. \u00abPP y Cs por su camino, nosotros por el nuestro\u00bb, ha asegurado en sus perfil de Twitter el portavoz. Para Espinosa de los Monteros, \u00abEspa\u00f1a Suma es una operaci\u00f3n de propaganda pol\u00edtica\u00bb. \u00abTodav\u00eda algunos no tienen claro si invitarnos. Que no se molesten\u00bb, ha a\u00f1adido en el mismo mensaje. Con respecto a \u00abtodos los demas escenarios\u00bb, refiri\u00e9ndose a \u00abprovincias peque\u00f1as y Senado\u00bb, ha manifestado que \u00abse valorar\u00edan s\u00f3lo en el caso de que el PP y Cs dejaran de asumir el consenso progre que Vox ha venido a combatir, algo que hoy no sucede\u00bb. 3. Todo los dem\u00e1s escenarios -provincias peque\u00f1as, Senado\u2026- se valorar\u00edan s\u00f3lo en el caso de que el PP y Cs dejaran de asumir el consenso progre que VOX ha venido a combatir. Algo que hoy no sucede. 4. Conclusi\u00f3n: PP y Cs por su camino; nosotros por el nuestro.&mdash; Iv\u00e1n Espinosa de los Monteros (@ivanedlm) September 6, 2019 Entrevista en TVE Esta ma\u00f1ana, durante una entrevista en \u00abLos desayunos de TVE\u00bb, Espinosa de los Monteros ha indicado que su formaci\u00f3n estudiar\u00eda presentarse \u00abde manera puntual\u00bb en coalici\u00f3n con el Partido Popular y Ciudadanos en provincias \u00abcon menos esca\u00f1os\u00bb, seg\u00fan informa Europa Press. No obstante, ha asegurado que en aquellas donde \u00abhay m\u00e1s diputados\u00bb, Vox se presentar\u00e1 a las futuras elecciones \u2014municipales y auton\u00f3micas\u2014 por separado, como hasta ahora. Espinosa ha explicado que la supuesta coalici\u00f3n ser\u00eda de manera \u00abpuntual\u00bb y estudiando primero la situaci\u00f3n para que fuera \u00abjusta, razonable y sensata\u00bb para los partidos implicados. Adem\u00e1s, ha insistido en que en las provincias donde hay una mayor representaci\u00f3n es \u00abmejor\u00bb que Vox \u00abacuda por su lado\u00bb porque tiene un perfil y un tipo de votante \u00abque no coincide con el del PP ni con el de Ciudadanos\u00bb. \u00abSantiago Abascal ya lo ha dicho varias veces, que depende para qu\u00e9, si es para consolidar las pol\u00edticas del consenso centrista y progresista que el PP y Cs han asumido del programa de la izquierda, para eso no estamos. Si fuera para otras cosas pues ya lo ver\u00edamos\u00bb, ha se\u00f1alado Espinosa para despu\u00e9s destacar que por el momento \u00abno parece\u00bb que la coalici\u00f3n de Espa\u00f1a Suma sea el \u00abcamino\u00bb de Vox ya que \u00abni siquiera dentro del PP se ponen de acuerdo de si quieren que nos sumemos a esto\u00bb.<br \/>\nVia: <a href=\"https:\/\/www.abc.es\/espana\/abci-retracta-y-rechaza-espana-suma-pp-y-camino-nosotros-nuestro-201909061430_noticia.html\" target=\"_blank\">Vox se retracta y rechaza la coalici\u00f3n: \u00abPP y Cs por su camino, nosotros por el nuestro\u00bb<\/a><\/p>\n","protected":false},"excerpt":{"rendered":"<p>Iv\u00e1n Espinosa de los Monteros, portavoz de Vox en el Congreso de los Diputados, ha afirmado que esta ma\u00f1ana no ha estado \u00abclaro\u00bb en la entrevista en TVE en la que no ha descartado una posible coalici\u00f3n con PP y Ciudadanos en las provincias \u00abcon menos esca\u00f1os\u00bb. \u00abPP y Cs [&hellip;]<\/p>\n","protected":false},"author":2,"featured_media":109149,"comment_status":"open","ping_status":"closed","sticky":false,"template":"","format":"standard","meta":{"footnotes":""},"categories":[6],"tags":[],"class_list":["post-109148","post","type-post","status-publish","format-standard","has-post-thumbnail","hentry","category-spanish"],"_links":{"self":[{"href":"https:\/\/theworldwidejournal.com\/index.php?rest_route=\/wp\/v2\/posts\/109148","targetHints":{"allow":["GET"]}}],"collection":[{"href":"https:\/\/theworldwidejournal.com\/index.php?rest_route=\/wp\/v2\/posts"}],"about":[{"href":"https:\/\/theworldwidejournal.com\/index.php?rest_route=\/wp\/v2\/types\/post"}],"author":[{"embeddable":true,"href":"https:\/\/theworldwidejournal.com\/index.php?rest_route=\/wp\/v2\/users\/2"}],"replies":[{"embeddable":true,"href":"https:\/\/theworldwidejournal.com\/index.php?rest_route=%2Fwp%2Fv2%2Fcomments&post=109148"}],"version-history":[{"count":0,"href":"https:\/\/theworldwidejournal.com\/index.php?rest_route=\/wp\/v2\/posts\/109148\/revisions"}],"wp:featuredmedia":[{"embeddable":true,"href":"https:\/\/theworldwidejournal.com\/index.php?rest_route=\/wp\/v2\/media\/109149"}],"wp:attachment":[{"href":"https:\/\/theworldwidejournal.com\/index.php?rest_route=%2Fwp%2Fv2%2Fmedia&parent=109148"}],"wp:term":[{"taxonomy":"category","embeddable":true,"href":"https:\/\/theworldwidejournal.com\/index.php?rest_route=%2Fwp%2Fv2%2Fcategories&post=109148"},{"taxonomy":"post_tag","embeddable":true,"href":"https:\/\/theworldwidejournal.com\/index.php?rest_route=%2Fwp%2Fv2%2Ftags&post=109148"}],"curies":[{"name":"wp","href":"https:\/\/api.w.org\/{rel}","templated":true}]}}