{"id":109361,"date":"2019-09-08T03:08:03","date_gmt":"2019-09-08T01:08:03","guid":{"rendered":"https:\/\/theworldwidejournal.com\/2019\/09\/08\/la-diada-mas-cacofonica\/"},"modified":"2019-09-08T03:08:03","modified_gmt":"2019-09-08T01:08:03","slug":"la-diada-mas-cacofonica","status":"publish","type":"post","link":"https:\/\/theworldwidejournal.com\/?p=109361","title":{"rendered":"La Diada m\u00e1s cacof\u00f3nica"},"content":{"rendered":"<p>Observo un balc\u00f3n de la vecindad. Una estelada descolorida y la estratificaci\u00f3n simb\u00f3lica del proceso separatista. Dos ajadas ense\u00f1as del \u00abs\u00ed\u00bb en verde y violeta; la m\u00e1scara con raya roja en la boca (\u00abDemocracia!\u00bb) que banaliza el s\u00edmbolo de la libertad de expresi\u00f3n de 1978 contra el consejo de guerra a Joglars; el lazo amarillo; \u00abLlibertat presos pol\u00edtics\u00bb y el \u00abJo acuso\u00bb que infama la memoria de Zola ante el caso Dreyfus. En el muestrario falta el \u00abHo tornarem a fer2 y la \u00faltima -o pen\u00faltima- amenaza a la convivencia: \u00abTsunami democr\u00e0tic\u00bb. El balc\u00f3n, copado por tantos heraldos, deviene en invernadero del fanatismo; como si sus inquilinos se aislaran con esos trapos demag\u00f3gicos de cualquier argumento que desinfle la placenta nacionalista en la que viven, o de la que viven. Tal acumulaci\u00f3n de esl\u00f3ganes e imperativos falsarios revela que Catalu\u00f1a es, hoy, una cacofon\u00eda. En la pr\u00f3xima Diada la facci\u00f3n separatista volver\u00e1 a ocupar las calles de todos. Centenares de autocares: \u00abLa comarca nos visita\u00bb. La coreograf\u00eda norcoreana de 2019 traza una estrella -m\u00e1s bien un cometa- con epicentro -\u00a1todo no se puede controlar!- en la plaza Espa\u00f1a y brazos en Gran V\u00eda, calles Tarragona, Cruz Cubierta y Avenida Mar\u00eda Cristina. Y decimos cometa porque la cola de esa estrella -cada vez m\u00e1s fugaz- abarca desde Espa\u00f1a hasta el Paseo de Gracia. El lema institucional: \u00abTornarem\u00bb (\u00abVolveremos\u00bb). All\u00ed estar\u00e1n los del balc\u00f3n de los fan\u00e1ticos heraldos. Con la camiseta de hoga\u00f1o: \u00abObjectiu independ\u00e8ncia\u00bb. El color azul celeste sucede al rosa fosforito de 2018: \u00abFem la Rep\u00fablica Catalana. Directes al Cim\u00bb, declaraci\u00f3n desmentida el 21-D de aquel a\u00f1o en la exclamaci\u00f3n de aquel l\u00facido mosso d\u2019esquadra: \u00ab\u00a1La Rep\u00fablica no existe, idiota!\u00bb. M\u00e1s lejana queda aquella camiseta con el huevo frito y el lema de \u00abA punt\u00bb o aquella, todav\u00eda m\u00e1s lejana, del \u00abAra \u00e9s l\u2019hora\u00bb. Los fan\u00e1ticos del balc\u00f3n portar\u00e1n abanico de 4 euros (en la Diada hace calor, aunque uno est\u00e9 hiperventilado); pulsera de 7,50 euros y el libraco del Fugitivo, \u00abRe-unim-nos\u00bb: 7,90 euros si lo adquieren on-line en la subvencionada Vilaweb. En la agenda matinal, visita al espacio \u00abEines de Pa\u00eds\u00bb de plaza Palacio: estrategias de lucha -odio, pero c\u00edvico y pac\u00edfico, \u00a1faltar\u00eda m\u00e1s!-, afiliaci\u00f3n al Verticato CSC del convicto Sastre, infiltraci\u00f3n en asociaciones y colegios profesionales -el gasolinero Canadell es un ejemplo-, empresas de adhesi\u00f3n inquebrantable al Movimiento Nacional (eso s\u00ed, catal\u00e1n). Entrenados en los feudos neocarlistas como Olot, donde unos autodenominados \u00abartistas de la Garrotxa\u00bb pretenden homenajear \u00abLa carga\u00bb de Ram\u00f3n Casas -si el pintor levantara la cabeza- metiendo entre rejas al Tribunal Supremo; emulando el aquelarre separatista de Sant F\u00e8lix en Vilafranca del Pened\u00e9s, los asistentes a la Diada provocar\u00e1n el tsunami -\u00bfdemocr\u00e1tico?- que va a -\u00bfahogar?- a quienes no piensan como ellos: o sea, m\u00e1s de la mitad de los catalanes. Pero, aunque la exhibici\u00f3n norcoreana vuelva a fulgir en TV3, no podr\u00e1 ocultar el fracaso de unos promotores sumidos en la cacofon\u00eda. Si obviamos el ruido ambiente, lo que nos queda es un grupo de pol\u00edticos a punto de sentencia por un golpe a la Constituci\u00f3n y al Estatuto; dos presidentes: uno en Waterloo de selfis con un exterrorista y el vicario de plaza San Jaime amenazado de inhabilitaci\u00f3n; un vicepresidente suplicando a los antisistema de la CUP aprobar los Presupuestos; una sanidad -desmantelada por Artur Mas- que sit\u00faa a Catalu\u00f1a en el furg\u00f3n de cola de la salud p\u00fablica espa\u00f1ola; una universidad en quiebra por el recorte de 200 millones de euros durante la crisis; una consejera de Agricultura que promociona la cerveza Fuck Spain mientras esquiva a las v\u00edctimas del fuego en las Tierras del Ebro: \u00a1tantas tractoradas para esto!; la portavoz del No Govern sospechosa de incompatibilidades; otra exconsejera (ahora diputada) investigada por su gesti\u00f3n en la Instituci\u00f3 de les Lletres Catalanes. Y como la incompetencia se duplica en Catalu\u00f1a, si pasan ante el Consorcio para la Normalizaci\u00f3n Ling\u00fc\u00edstica, de Muntaner, 321 -anta\u00f1o sede de la franquista Editora Nacional- ver\u00e1n una pancarta con la imagen de Llu\u00eds Puig i Gordi, el lazo amarillo y el eslogan \u00abLlu\u00eds Puig \u00e9s el nostre conseller\u00bb. O el s\u00edndico vitalicio Rafael Rib\u00f3 -quince a\u00f1os en el cargo a 124.000 euros\/a\u00f1o- presto a denigrar la calidad democr\u00e1tica de Espa\u00f1a y compararla con Turqu\u00eda al ser acusado de viajar gratis a Berl\u00edn para ver el Bar\u00e7a-Juventus: un empresario del 3 por ciento convergente pagaba la expedici\u00f3n cul\u00e9. Todo esto a Torra le importa un comino. El mandatario m\u00e1s in\u00fatil de la historia reciente de la Generalitat dedicar\u00e1 la v\u00edspera de la Diada a una ouija en Montserrat. Iluminar\u00e1n 131 agujas de la monta\u00f1a en honor -seg\u00fan la hagiograf\u00eda nacionalista- de los 131 presidentes de la Generalitat\u2026 \u00abVenim des de lluny i volem anar m\u00e9s enll\u00e0\u00bb, proclaman los organizadores, Llum i Llibertat, con verbo nacionalcat\u00f3lico. Y a m\u00e1s esl\u00f3ganes, m\u00e1s cacofon\u00eda.<br \/>\nVia: <a href=\"https:\/\/www.abc.es\/espana\/abci-diada-mas-cacofonica-201909080308_noticia.html\" target=\"_blank\">La Diada m\u00e1s cacof\u00f3nica<\/a><\/p>\n","protected":false},"excerpt":{"rendered":"<p>Observo un balc\u00f3n de la vecindad. Una estelada descolorida y la estratificaci\u00f3n simb\u00f3lica del proceso separatista. Dos ajadas ense\u00f1as del \u00abs\u00ed\u00bb en verde y violeta; la m\u00e1scara con raya roja en la boca (\u00abDemocracia!\u00bb) que banaliza el s\u00edmbolo de la libertad de expresi\u00f3n de 1978 contra el consejo de guerra [&hellip;]<\/p>\n","protected":false},"author":2,"featured_media":109362,"comment_status":"open","ping_status":"closed","sticky":false,"template":"","format":"standard","meta":{"footnotes":""},"categories":[6],"tags":[],"class_list":["post-109361","post","type-post","status-publish","format-standard","has-post-thumbnail","hentry","category-spanish"],"_links":{"self":[{"href":"https:\/\/theworldwidejournal.com\/index.php?rest_route=\/wp\/v2\/posts\/109361","targetHints":{"allow":["GET"]}}],"collection":[{"href":"https:\/\/theworldwidejournal.com\/index.php?rest_route=\/wp\/v2\/posts"}],"about":[{"href":"https:\/\/theworldwidejournal.com\/index.php?rest_route=\/wp\/v2\/types\/post"}],"author":[{"embeddable":true,"href":"https:\/\/theworldwidejournal.com\/index.php?rest_route=\/wp\/v2\/users\/2"}],"replies":[{"embeddable":true,"href":"https:\/\/theworldwidejournal.com\/index.php?rest_route=%2Fwp%2Fv2%2Fcomments&post=109361"}],"version-history":[{"count":0,"href":"https:\/\/theworldwidejournal.com\/index.php?rest_route=\/wp\/v2\/posts\/109361\/revisions"}],"wp:featuredmedia":[{"embeddable":true,"href":"https:\/\/theworldwidejournal.com\/index.php?rest_route=\/wp\/v2\/media\/109362"}],"wp:attachment":[{"href":"https:\/\/theworldwidejournal.com\/index.php?rest_route=%2Fwp%2Fv2%2Fmedia&parent=109361"}],"wp:term":[{"taxonomy":"category","embeddable":true,"href":"https:\/\/theworldwidejournal.com\/index.php?rest_route=%2Fwp%2Fv2%2Fcategories&post=109361"},{"taxonomy":"post_tag","embeddable":true,"href":"https:\/\/theworldwidejournal.com\/index.php?rest_route=%2Fwp%2Fv2%2Ftags&post=109361"}],"curies":[{"name":"wp","href":"https:\/\/api.w.org\/{rel}","templated":true}]}}