{"id":109428,"date":"2019-09-08T14:23:47","date_gmt":"2019-09-08T12:23:47","guid":{"rendered":"https:\/\/theworldwidejournal.com\/2019\/09\/08\/los-manifestantes-de-hong-kong-empunan-la-bandera-de-ee-uu-para-pedir-ayuda-internacional\/"},"modified":"2019-09-08T14:23:47","modified_gmt":"2019-09-08T12:23:47","slug":"los-manifestantes-de-hong-kong-empunan-la-bandera-de-ee-uu-para-pedir-ayuda-internacional","status":"publish","type":"post","link":"https:\/\/theworldwidejournal.com\/?p=109428","title":{"rendered":"Los manifestantes de Hong Kong empu\u00f1an la bandera de EE UU para pedir ayuda internacional"},"content":{"rendered":"<p>Hong Kong se ha abrazado este domingo a la bandera de EE UU. Los manifestantes han enviado su mensaje desde las calles al Gobierno y a la Polic\u00eda de Hong Kong: pese a la retirada definitiva del proyecto de ley de extradici\u00f3n, los ciudadanos no cejar\u00e1n su presi\u00f3n hasta que no vean cumplidas el resto de sus demandas. Y lo han expresado primero, por las buenas, con una marcha de decenas de miles de personas envueltas en la bandera de las barras y estrellas hacia el Consulado de EE UU. Despu\u00e9s, por las malas, cuando hacia la media tarde grupos de j\u00f3venes radicales vestidos de negro han comenzado a perpetrar episodios de violencia. Una de las bocas de la parada m\u00e1s c\u00e9ntrica de Metro ard\u00eda, cerrada con anterioridad por la Polic\u00eda. Varias barricadas cortaban las calles.Seguir leyendo.<br \/>\nVia: <a href=\"https:\/\/elpais.com\/internacional\/2019\/09\/08\/actualidad\/1567943773_228769.html#?ref=rss&#038;format=simple&#038;link=link\" target=\"_blank\">Los manifestantes de Hong Kong empu\u00f1an la bandera de EE UU para pedir ayuda internacional<\/a><\/p>\n","protected":false},"excerpt":{"rendered":"<p>Hong Kong se ha abrazado este domingo a la bandera de EE UU. Los manifestantes han enviado su mensaje desde las calles al Gobierno y a la Polic\u00eda de Hong Kong: pese a la retirada definitiva del proyecto de ley de extradici\u00f3n, los ciudadanos no cejar\u00e1n su presi\u00f3n hasta que [&hellip;]<\/p>\n","protected":false},"author":2,"featured_media":0,"comment_status":"open","ping_status":"closed","sticky":false,"template":"","format":"standard","meta":{"footnotes":""},"categories":[6],"tags":[],"class_list":["post-109428","post","type-post","status-publish","format-standard","hentry","category-spanish"],"_links":{"self":[{"href":"https:\/\/theworldwidejournal.com\/index.php?rest_route=\/wp\/v2\/posts\/109428","targetHints":{"allow":["GET"]}}],"collection":[{"href":"https:\/\/theworldwidejournal.com\/index.php?rest_route=\/wp\/v2\/posts"}],"about":[{"href":"https:\/\/theworldwidejournal.com\/index.php?rest_route=\/wp\/v2\/types\/post"}],"author":[{"embeddable":true,"href":"https:\/\/theworldwidejournal.com\/index.php?rest_route=\/wp\/v2\/users\/2"}],"replies":[{"embeddable":true,"href":"https:\/\/theworldwidejournal.com\/index.php?rest_route=%2Fwp%2Fv2%2Fcomments&post=109428"}],"version-history":[{"count":0,"href":"https:\/\/theworldwidejournal.com\/index.php?rest_route=\/wp\/v2\/posts\/109428\/revisions"}],"wp:attachment":[{"href":"https:\/\/theworldwidejournal.com\/index.php?rest_route=%2Fwp%2Fv2%2Fmedia&parent=109428"}],"wp:term":[{"taxonomy":"category","embeddable":true,"href":"https:\/\/theworldwidejournal.com\/index.php?rest_route=%2Fwp%2Fv2%2Fcategories&post=109428"},{"taxonomy":"post_tag","embeddable":true,"href":"https:\/\/theworldwidejournal.com\/index.php?rest_route=%2Fwp%2Fv2%2Ftags&post=109428"}],"curies":[{"name":"wp","href":"https:\/\/api.w.org\/{rel}","templated":true}]}}