{"id":109438,"date":"2019-09-08T11:27:03","date_gmt":"2019-09-08T09:27:03","guid":{"rendered":"https:\/\/theworldwidejournal.com\/2019\/09\/08\/torra-amaga-con-no-acudir-a-declarar-ante-el-tsjc\/"},"modified":"2019-09-08T11:27:03","modified_gmt":"2019-09-08T09:27:03","slug":"torra-amaga-con-no-acudir-a-declarar-ante-el-tsjc","status":"publish","type":"post","link":"https:\/\/theworldwidejournal.com\/?p=109438","title":{"rendered":"Torra amaga con no acudir a declarar ante el TSJC"},"content":{"rendered":"<p>El presidente de la Generalitat, Quim Torra, ha abierto la puerta a la posibilidad de no comparecer ante el TSJC al asegurar: &#8220;No ir ser\u00eda poner de manifiesto que te has de plantar, cuando hablamos de confrontaci\u00f3n democr\u00e1tica de qu\u00e9 hablamos, de que nos plantamos ante un Estado autoritario y represivo&#8221;. El Tribunal Superior de Justicia de Catalu\u00f1a (TSJC) ha se\u00f1alado para el 25 y 26 de septiembre el juicio a Torra, por desobediencia a la Junta Electoral (JEC) por no retirar a tiempo lazos amarillos y s\u00edmbolos partidistas en edificios p\u00fablicos en campa\u00f1a electoral, hechos por los que el presidente catal\u00e1n se enfrenta a una petici\u00f3n fiscal de un a\u00f1o y ocho meses de inhabilitaci\u00f3n. En una entrevista en El Punt Avui, Torra aborda su petici\u00f3n para cambiar las fechas del juicio al coincidir con el Debate de Pol\u00edtica General en el Parlament, que ha sido rechazada por la Fiscal\u00eda. Al ser preguntado si comparecer\u00e1 ante el TSJC replica: &#8220;Quien tiene un problema es el TSJC, hemos de saber si se respeta la separaci\u00f3n de poderes, mi respuesta de si voy al juicio hay que entenderla en el marco en que nos movemos&#8221;. Torra enmarca su actuaci\u00f3n en los principios de &#8220;democracia, republicanismo, derechos humanos, civiles y pol\u00edticos, y desobediencia y no violencia&#8221; y aboga por ser &#8220;escrupuloso&#8221; en el respeto a los derechos &#8220;de todo el mundo, incluido el presidente de la Generalitat&#8221; y concluye: &#8220;Me parece que la respuesta es clara&#8221;. El presidente catal\u00e1n pone en duda la imparcialidad de los magistrados que le juzgar\u00e1n porque &#8220;se han declarado a favor del 155 o de retirar lazos&#8221;, as\u00ed como otras &#8220;irregularidades procesales&#8221; y asuntos como la coincidencia con el debate de pol\u00edtica general. Se muestra convencido de que ya hay una decisi\u00f3n tomada para inhabilitarlo, &#8220;esto sigue un camino que inevitablemente ha de acabar con la inhabilitaci\u00f3n&#8221;. &#8220;Con un tribunal imparcial, justo y riguroso -a\u00f1ade- esto no pasar\u00eda, pero la justicia espa\u00f1ola busca dar el golpe de estaca definitivo al movimiento independentista catal\u00e1n y a mi persona&#8221;. Lo ocurrido en Catalu\u00f1a en el \u00faltimo a\u00f1o y medio ha estado marcado por &#8220;la represi\u00f3n&#8221; y Torra reconoce que &#8220;ha abatido un poco&#8221; al movimiento independentista, ante lo que propone abordar una nueva etapa &#8220;proactiva y no reactiva&#8221;. &#8220;Cerramos el duelo -afirma- volvemos a poner el objetivo de la independencia en el centro&#8221;. Para seguir adelante, reclama la &#8220;fortaleza&#8221; de aprobar unos presupuestos con m\u00e1s de 2.500 millones de euros y un horizonte para concretar el objetivo independentista. Reconoce discrepancias entre los independentistas pero ve &#8220;brotes de esperanza&#8221; y expresa su &#8220;m\u00e1xima confianza&#8221; en la &#8220;responsabilidad de todos los actores pol\u00edticos, sociales, econ\u00f3micos y tambi\u00e9n de la sociedad civil&#8221; para abordar una situaci\u00f3n que ve similar a los proleg\u00f3menos del 1 de octubre de 2017, informa Efe. El presidente catal\u00e1n se muestra convencido de la cohesi\u00f3n de su gobierno, aunque reconoce que &#8220;probablemente&#8221; necesitan fortalecerlo con herramientas como unos presupuestos -que est\u00e1 seguro que el vicepresidente, Pere Aragon\u00e8s (ERC), sacar\u00e1 adelante- y &#8220;un horizonte claro y compartido por la sociedad civil&#8221;. Evita Torra abordar discrepancias con el l\u00edder de ERC, Oriol Junqueras, sobre la conveniencia de convocar elecciones y asegura que &#8220;la confrontaci\u00f3n deber\u00eda ser con el Estado&#8221;. Sobre las declaraciones de la consellera de Empresa, \u00c0ngels Chac\u00f3n, contra la convocatoria de un &#8220;paro de pa\u00eds&#8221; ante una sentencia condenatoria del &#8220;proc\u00e9s&#8221;, ha asegurado que se ha reunido con ella y que le ha explicado que se &#8220;hab\u00edan malinterpretado sus palabras&#8221;. En cuanto a la posibilidad de ser candidato a la presidencia de la Generalitat, ha asegurado que no ha renunciado &#8220;nunca a servir a su pa\u00eds&#8221; pero &#8220;solo si el objetivo es la independencia, no unas elecciones auton\u00f3micas&#8221;.<br \/>\nVia: <a href=\"https:\/\/www.abc.es\/espana\/catalunya\/politica\/abci-torra-amaga-no-acudir-declarar-ante-tsjc-201909081127_noticia.html\" target=\"_blank\">Torra amaga con no acudir a declarar ante el TSJC<\/a><\/p>\n","protected":false},"excerpt":{"rendered":"<p>El presidente de la Generalitat, Quim Torra, ha abierto la puerta a la posibilidad de no comparecer ante el TSJC al asegurar: &#8220;No ir ser\u00eda poner de manifiesto que te has de plantar, cuando hablamos de confrontaci\u00f3n democr\u00e1tica de qu\u00e9 hablamos, de que nos plantamos ante un Estado autoritario y [&hellip;]<\/p>\n","protected":false},"author":2,"featured_media":109439,"comment_status":"open","ping_status":"closed","sticky":false,"template":"","format":"standard","meta":{"footnotes":""},"categories":[6],"tags":[],"class_list":["post-109438","post","type-post","status-publish","format-standard","has-post-thumbnail","hentry","category-spanish"],"_links":{"self":[{"href":"https:\/\/theworldwidejournal.com\/index.php?rest_route=\/wp\/v2\/posts\/109438","targetHints":{"allow":["GET"]}}],"collection":[{"href":"https:\/\/theworldwidejournal.com\/index.php?rest_route=\/wp\/v2\/posts"}],"about":[{"href":"https:\/\/theworldwidejournal.com\/index.php?rest_route=\/wp\/v2\/types\/post"}],"author":[{"embeddable":true,"href":"https:\/\/theworldwidejournal.com\/index.php?rest_route=\/wp\/v2\/users\/2"}],"replies":[{"embeddable":true,"href":"https:\/\/theworldwidejournal.com\/index.php?rest_route=%2Fwp%2Fv2%2Fcomments&post=109438"}],"version-history":[{"count":0,"href":"https:\/\/theworldwidejournal.com\/index.php?rest_route=\/wp\/v2\/posts\/109438\/revisions"}],"wp:featuredmedia":[{"embeddable":true,"href":"https:\/\/theworldwidejournal.com\/index.php?rest_route=\/wp\/v2\/media\/109439"}],"wp:attachment":[{"href":"https:\/\/theworldwidejournal.com\/index.php?rest_route=%2Fwp%2Fv2%2Fmedia&parent=109438"}],"wp:term":[{"taxonomy":"category","embeddable":true,"href":"https:\/\/theworldwidejournal.com\/index.php?rest_route=%2Fwp%2Fv2%2Fcategories&post=109438"},{"taxonomy":"post_tag","embeddable":true,"href":"https:\/\/theworldwidejournal.com\/index.php?rest_route=%2Fwp%2Fv2%2Ftags&post=109438"}],"curies":[{"name":"wp","href":"https:\/\/api.w.org\/{rel}","templated":true}]}}