{"id":109573,"date":"2019-09-09T15:54:30","date_gmt":"2019-09-09T13:54:30","guid":{"rendered":"https:\/\/theworldwidejournal.com\/2019\/09\/09\/cifuentes-en-el-pp-hubo-fuego-amigo\/"},"modified":"2019-09-09T15:54:30","modified_gmt":"2019-09-09T13:54:30","slug":"cifuentes-en-el-pp-hubo-fuego-amigo","status":"publish","type":"post","link":"https:\/\/theworldwidejournal.com\/?p=109573","title":{"rendered":"Cifuentes: \u201cEn el PP hubo fuego amigo\u201d"},"content":{"rendered":"<p>\u201cLlevo m\u00e1s de un a\u00f1o y medio callada y creo que es el momento de contar algunas cosas\u201d. Con estas palabras se present\u00f3 Cristina Cifuentes, expresidenta de la Comunidad de Madrid y exl\u00edder regional del PP. Cifuentes reapareci\u00f3 en una entrevista en El programa de Ana Rosa a los pocos d\u00edas de que se conociese su\u00a0reciente imputaci\u00f3n en el caso P\u00fanica, el macrosumario de corrupci\u00f3n vinculada al PP de la Comunidad de Madrid y que se investiga desde febrero de 2014: &#8220;No cre\u00ed que esa imputaci\u00f3n se fuese a producir porque yo no tengo nada que ver con P\u00fanica. De hecho, el Gobierno que yo tuve el honor de presidir, a instancia m\u00eda, se person\u00f3 en el caso P\u00fanica. [La imputaci\u00f3n] Me disgust\u00f3 y me sorprendi\u00f3. En el PP saben que en esos a\u00f1os yo no ten\u00eda nada que ver con la gesti\u00f3n econ\u00f3mica de las campa\u00f1as del PP. He gestionado escrupulosamente el dinero de la Comunidad [de Madrid]; no me he llevado ni un euro [de dinero] p\u00fablico&#8221;. Preguntada por su predecesora en el cargo, Esperanza Aguirre, tambi\u00e9n imputada en la causa, ha subrayado que de otras personas no iba a hablar.Seguir leyendo.<br \/>\nVia: <a href=\"https:\/\/elpais.com\/ccaa\/2019\/09\/09\/madrid\/1568014351_641341.html#?ref=rss&#038;format=simple&#038;link=link\" target=\"_blank\">Cifuentes: \u201cEn el PP hubo fuego amigo\u201d<\/a><\/p>\n","protected":false},"excerpt":{"rendered":"<p>\u201cLlevo m\u00e1s de un a\u00f1o y medio callada y creo que es el momento de contar algunas cosas\u201d. Con estas palabras se present\u00f3 Cristina Cifuentes, expresidenta de la Comunidad de Madrid y exl\u00edder regional del PP. Cifuentes reapareci\u00f3 en una entrevista en El programa de Ana Rosa a los pocos [&hellip;]<\/p>\n","protected":false},"author":2,"featured_media":0,"comment_status":"open","ping_status":"closed","sticky":false,"template":"","format":"standard","meta":{"footnotes":""},"categories":[6],"tags":[],"class_list":["post-109573","post","type-post","status-publish","format-standard","hentry","category-spanish"],"_links":{"self":[{"href":"https:\/\/theworldwidejournal.com\/index.php?rest_route=\/wp\/v2\/posts\/109573","targetHints":{"allow":["GET"]}}],"collection":[{"href":"https:\/\/theworldwidejournal.com\/index.php?rest_route=\/wp\/v2\/posts"}],"about":[{"href":"https:\/\/theworldwidejournal.com\/index.php?rest_route=\/wp\/v2\/types\/post"}],"author":[{"embeddable":true,"href":"https:\/\/theworldwidejournal.com\/index.php?rest_route=\/wp\/v2\/users\/2"}],"replies":[{"embeddable":true,"href":"https:\/\/theworldwidejournal.com\/index.php?rest_route=%2Fwp%2Fv2%2Fcomments&post=109573"}],"version-history":[{"count":0,"href":"https:\/\/theworldwidejournal.com\/index.php?rest_route=\/wp\/v2\/posts\/109573\/revisions"}],"wp:attachment":[{"href":"https:\/\/theworldwidejournal.com\/index.php?rest_route=%2Fwp%2Fv2%2Fmedia&parent=109573"}],"wp:term":[{"taxonomy":"category","embeddable":true,"href":"https:\/\/theworldwidejournal.com\/index.php?rest_route=%2Fwp%2Fv2%2Fcategories&post=109573"},{"taxonomy":"post_tag","embeddable":true,"href":"https:\/\/theworldwidejournal.com\/index.php?rest_route=%2Fwp%2Fv2%2Ftags&post=109573"}],"curies":[{"name":"wp","href":"https:\/\/api.w.org\/{rel}","templated":true}]}}