{"id":109579,"date":"2019-09-09T13:04:37","date_gmt":"2019-09-09T11:04:37","guid":{"rendered":"https:\/\/theworldwidejournal.com\/2019\/09\/09\/el-padre-de-diana-quer-frena-la-emision-en-ana-rosa-del-video-de-la-reconstruccion-del-crimen-del-chicle\/"},"modified":"2019-09-09T13:04:37","modified_gmt":"2019-09-09T11:04:37","slug":"el-padre-de-diana-quer-frena-la-emision-en-ana-rosa-del-video-de-la-reconstruccion-del-crimen-del-chicle","status":"publish","type":"post","link":"https:\/\/theworldwidejournal.com\/?p=109579","title":{"rendered":"El padre de Diana Quer frena la emisi\u00f3n en Ana Rosa del v\u00eddeo de la reconstrucci\u00f3n del crimen del Chicle"},"content":{"rendered":"<p>Juan Carlos Quer ha frenado este lunes la emisi\u00f3n en \u00abEl programa de Ana Rosa\u00bb del v\u00eddeo de la reconstrucci\u00f3n del crimen de su hija a manos de su autor confeso, Jos\u00e9 Enrique Abu\u00edn \u00abEl Chicle\u00bb. Este material, grabado el pasado junio en las localizaciones donde Abu\u00edn reconoci\u00f3 que secuestr\u00f3 y escondi\u00f3 el cad\u00e1ver de la joven madrile\u00f1a, forma parte del sumario judicial, que no es de acceso p\u00fablico. A pesar de que el magazine de Telecinco ven\u00eda anunciando a su audiencia desde la pasada semana que dispon\u00eda de esta exclusiva informativa, y de que esta ma\u00f1ana avanz\u00f3 que lo difundir\u00eda, la indignada reacci\u00f3n del padre de Diana ha hecho a la cadena cambiar de opini\u00f3n, por el momento. \u00abEl derecho a la informaci\u00f3n no puede estar por encima del derecho de defensa de mi hija\u00bb en el juicio, ha manifestado Quer a ABC. He solicitado a Tele Cinco que no se difunda el v\u00eddeo de la reconstrucci\u00f3n del asesinato de mi hija. El derecho a la informaci\u00f3n jam\u00e1s est\u00e1 por encima del derecho a la defensa de mi hija. Este v\u00eddeo es parte esencial del procedimiento. Ana Rosa si fuese tu hija no publicar\u00edas ???&mdash; Juan Carlos Quer &#8211; Oficial (@JcQuer) 9 de septiembre de 2019 Tras publicar este duro tuit, Juan Carlos Quer ha entrado en directo en el programa de Ana Rosa Quintana para justificar su decisi\u00f3n de que no se emitieran las im\u00e1genes. Adem\u00e1s, a trav\u00e9s de sus abogados, Quer ha presentado una denuncia ante la Audiencia Provincial de La Coru\u00f1a \u2014que a partir del pr\u00f3ximo mes de octubre acoger\u00e1 la vista por el crimen de Diana\u2014 para que se investigue el origen de esta filtraci\u00f3n, dado que este v\u00eddeo aunque no est\u00e1 protegido por el secreto sumarial no es de acceso p\u00fablico salvo para las partes personadas en el proceso. Seg\u00fan se recoge en el escrito presentado por los padres de Diana, \u00abla revelaci\u00f3n de este video resultar\u00eda perjudicial para el procedimiento, y concretamente para la formaci\u00f3n del jurado prevista para el pr\u00f3ximo 28 de septiembre\u00bb, d\u00eda en el que se empezar\u00e1 a seleccionar a los hombres y mujeres que deber\u00e1n deliberar sobre la culpabilidad o inocencia de Abu\u00edn. Honra a Tele Cinco y Ana Rosa su decisi\u00f3n de no divulgar el v\u00eddeo de la reconstrucci\u00f3n del asesinato de mi hija Diana.Gracias por su \u00e9tica reacci\u00f3n.Hemos solicitado a la Audiencia que se investigue y sancione al responsable de la filtraci\u00f3n.Diana ya no est\u00e1, lucho por su memoria.&mdash; Juan Carlos Quer &#8211; Oficial (@JcQuer) 9 de septiembre de 2019 Investigar la filtraci\u00f3n En su denuncia ante la Audiencia, a la que ha tenido acceso ABC, la familia de Diana solicita al presidente de la Secci\u00f3n Sexta de la Audiencia \u00abque se tomen las medidas legales oportunas tendentes a evitar la revelaci\u00f3n en ese medio de comunicaci\u00f3n de la reconstrucci\u00f3n de los hechos, acord\u00e1ndose que con car\u00e1cter inmediato se proceda a la suspensi\u00f3n de la emisi\u00f3n\u00bb del v\u00eddeo. Esta petici\u00f3n se hace extensiva a otros medios, no solo Telecinco. \u00abSiempre me pronuncio con mucho respeto a las decisiones judiciales, pero ahora s\u00ed rogar\u00eda a su se\u00f1or\u00eda que se repete la confidencialidad de un procedimiento que debe ser serio y riguroso, cuyos detalles y pruebas solo deben valorarse por quien corresponde, que son el juez y los miembros del tribunal del jurado\u00bb, ha expresado Quer a este peri\u00f3dico. Adem\u00e1s, el escrito pide al tribunal \u00abque se proceda a la averiguaci\u00f3n de la autor\u00eda de la filtraci\u00f3n de la mencionada grabaci\u00f3n, y se proh\u00edba la cesi\u00f3n de la copia de la misma para su dufisi\u00f3n en otra cadena o medio comunicaci\u00f3n del grupo empresarial\u00bb Mediaset. Juan Carlos Quer ha sentenciado que \u00abquebrantar el deber del secreto de un sumario con este tipo de informaciones se persigue en los tribunales\u00bb, y es lo que la familia de Diana pretende que se haga. A poco m\u00e1s de mes y medio para el inicio de la vista, Quer ha expresado su deseo de que \u00abel juicio de Diana no se convierta en un showbusiness otra vez\u00bb. y ha recordado que mientras dur\u00f3 la investigaci\u00f3n por la desaparici\u00f3n de su hija \u00abella fue objeto de tanta noticia falsa y tanto bulo que es imposible reparar\u00bb. \u00abNo quiero juicios paralelos, no quiero que se trate como si fuera una p\u00e1gina m\u00e1s de sucesos, sin respeto al dolor y sensibilidad de una familia\u00bb. La batalla por las audiencias, a las puertas de uno de los juicios m\u00e1s medi\u00e1ticos de este oto\u00f1o, no ha hecho m\u00e1s que empezar.<br \/>\nVia: <a href=\"https:\/\/www.abc.es\/espana\/galicia\/abci-padre-diana-quer-frena-emision-rosa-video-reconstruccion-crimen-chicle-201909091304_noticia.html\" target=\"_blank\">El padre de Diana Quer frena la emisi\u00f3n en Ana Rosa del v\u00eddeo de la reconstrucci\u00f3n del crimen del Chicle<\/a><\/p>\n","protected":false},"excerpt":{"rendered":"<p>Juan Carlos Quer ha frenado este lunes la emisi\u00f3n en \u00abEl programa de Ana Rosa\u00bb del v\u00eddeo de la reconstrucci\u00f3n del crimen de su hija a manos de su autor confeso, Jos\u00e9 Enrique Abu\u00edn \u00abEl Chicle\u00bb. Este material, grabado el pasado junio en las localizaciones donde Abu\u00edn reconoci\u00f3 que secuestr\u00f3 [&hellip;]<\/p>\n","protected":false},"author":2,"featured_media":109580,"comment_status":"open","ping_status":"closed","sticky":false,"template":"","format":"standard","meta":{"footnotes":""},"categories":[6],"tags":[],"class_list":["post-109579","post","type-post","status-publish","format-standard","has-post-thumbnail","hentry","category-spanish"],"_links":{"self":[{"href":"https:\/\/theworldwidejournal.com\/index.php?rest_route=\/wp\/v2\/posts\/109579","targetHints":{"allow":["GET"]}}],"collection":[{"href":"https:\/\/theworldwidejournal.com\/index.php?rest_route=\/wp\/v2\/posts"}],"about":[{"href":"https:\/\/theworldwidejournal.com\/index.php?rest_route=\/wp\/v2\/types\/post"}],"author":[{"embeddable":true,"href":"https:\/\/theworldwidejournal.com\/index.php?rest_route=\/wp\/v2\/users\/2"}],"replies":[{"embeddable":true,"href":"https:\/\/theworldwidejournal.com\/index.php?rest_route=%2Fwp%2Fv2%2Fcomments&post=109579"}],"version-history":[{"count":0,"href":"https:\/\/theworldwidejournal.com\/index.php?rest_route=\/wp\/v2\/posts\/109579\/revisions"}],"wp:featuredmedia":[{"embeddable":true,"href":"https:\/\/theworldwidejournal.com\/index.php?rest_route=\/wp\/v2\/media\/109580"}],"wp:attachment":[{"href":"https:\/\/theworldwidejournal.com\/index.php?rest_route=%2Fwp%2Fv2%2Fmedia&parent=109579"}],"wp:term":[{"taxonomy":"category","embeddable":true,"href":"https:\/\/theworldwidejournal.com\/index.php?rest_route=%2Fwp%2Fv2%2Fcategories&post=109579"},{"taxonomy":"post_tag","embeddable":true,"href":"https:\/\/theworldwidejournal.com\/index.php?rest_route=%2Fwp%2Fv2%2Ftags&post=109579"}],"curies":[{"name":"wp","href":"https:\/\/api.w.org\/{rel}","templated":true}]}}