{"id":109644,"date":"2019-09-10T01:42:53","date_gmt":"2019-09-09T23:42:53","guid":{"rendered":"https:\/\/theworldwidejournal.com\/2019\/09\/10\/johnson-ignora-las-protestas-y-echa-el-cierre-al-parlamento-britanico\/"},"modified":"2019-09-10T01:42:53","modified_gmt":"2019-09-09T23:42:53","slug":"johnson-ignora-las-protestas-y-echa-el-cierre-al-parlamento-britanico","status":"publish","type":"post","link":"https:\/\/theworldwidejournal.com\/?p=109644","title":{"rendered":"Johnson ignora las protestas y echa el cierre al Parlamento brit\u00e1nico"},"content":{"rendered":"<p>\u201cDurante todo el tiempo que he presidido esta C\u00e1mara, he intentado aumentar la autoridad relativa del Legislativo. Y es algo de lo que no me arrepiento ni pido disculpas a nadie en ning\u00fan momento\u201d, explic\u00f3 Bercow al inicio de la sesi\u00f3n. El speaker hab\u00eda arrastrado su anunciada intenci\u00f3n de abandonar el puesto a medida que el debate sobre el Brexit inundaba durante horas los debates en Westminster y el forcejeo entre el Gobierno conservador y los diputados se hac\u00eda m\u00e1s intenso. El anuncio se produjo en el momento justo: gracias a la flexibilidad y complicidad de Bercow, los detractores de Johnson han podido acelerar el tr\u00e1mite legislativo y aprobar una resoluci\u00f3n vinculante que obliga a Johnson a llegar a un acuerdo con la UE o, si no es posible, pedir una nueva pr\u00f3rroga de tres meses. Procedente del Partido Conservador, del que sali\u00f3, como manda la costumbre, al ser elegido para el puesto, Bercow ha sido hasta el \u00faltimo minuto la pesadilla parlamentaria de los tories euroesc\u00e9pticos.Seguir leyendo.<br \/>\nVia: <a href=\"https:\/\/elpais.com\/internacional\/2019\/09\/09\/actualidad\/1568053657_998612.html#?ref=rss&#038;format=simple&#038;link=link\" target=\"_blank\">Johnson ignora las protestas y echa el cierre al Parlamento brit\u00e1nico<\/a><\/p>\n","protected":false},"excerpt":{"rendered":"<p>\u201cDurante todo el tiempo que he presidido esta C\u00e1mara, he intentado aumentar la autoridad relativa del Legislativo. Y es algo de lo que no me arrepiento ni pido disculpas a nadie en ning\u00fan momento\u201d, explic\u00f3 Bercow al inicio de la sesi\u00f3n. El speaker hab\u00eda arrastrado su anunciada intenci\u00f3n de abandonar [&hellip;]<\/p>\n","protected":false},"author":2,"featured_media":0,"comment_status":"open","ping_status":"closed","sticky":false,"template":"","format":"standard","meta":{"footnotes":""},"categories":[6],"tags":[],"class_list":["post-109644","post","type-post","status-publish","format-standard","hentry","category-spanish"],"_links":{"self":[{"href":"https:\/\/theworldwidejournal.com\/index.php?rest_route=\/wp\/v2\/posts\/109644","targetHints":{"allow":["GET"]}}],"collection":[{"href":"https:\/\/theworldwidejournal.com\/index.php?rest_route=\/wp\/v2\/posts"}],"about":[{"href":"https:\/\/theworldwidejournal.com\/index.php?rest_route=\/wp\/v2\/types\/post"}],"author":[{"embeddable":true,"href":"https:\/\/theworldwidejournal.com\/index.php?rest_route=\/wp\/v2\/users\/2"}],"replies":[{"embeddable":true,"href":"https:\/\/theworldwidejournal.com\/index.php?rest_route=%2Fwp%2Fv2%2Fcomments&post=109644"}],"version-history":[{"count":0,"href":"https:\/\/theworldwidejournal.com\/index.php?rest_route=\/wp\/v2\/posts\/109644\/revisions"}],"wp:attachment":[{"href":"https:\/\/theworldwidejournal.com\/index.php?rest_route=%2Fwp%2Fv2%2Fmedia&parent=109644"}],"wp:term":[{"taxonomy":"category","embeddable":true,"href":"https:\/\/theworldwidejournal.com\/index.php?rest_route=%2Fwp%2Fv2%2Fcategories&post=109644"},{"taxonomy":"post_tag","embeddable":true,"href":"https:\/\/theworldwidejournal.com\/index.php?rest_route=%2Fwp%2Fv2%2Ftags&post=109644"}],"curies":[{"name":"wp","href":"https:\/\/api.w.org\/{rel}","templated":true}]}}