{"id":109679,"date":"2019-09-10T15:27:32","date_gmt":"2019-09-10T13:27:32","guid":{"rendered":"https:\/\/theworldwidejournal.com\/2019\/09\/10\/commission-europeenne-la-francaise-sylvie-goulard-designee-au-marche-interieur\/"},"modified":"2019-09-10T15:27:32","modified_gmt":"2019-09-10T13:27:32","slug":"commission-europeenne-la-francaise-sylvie-goulard-designee-au-marche-interieur","status":"publish","type":"post","link":"https:\/\/theworldwidejournal.com\/?p=109679","title":{"rendered":"Commission europ\u00e9enne : la Fran\u00e7aise Sylvie Goulard d\u00e9sign\u00e9e au March\u00e9 int\u00e9rieur"},"content":{"rendered":"<p>La Commission Europ\u00e9enne, par la voix de sa pr\u00e9sidente Ursula Von Der Leyen, a d\u00e9voil\u00e9 les noms de ses commissaires ce mardi. Parmi eux, Sylvie Goulard, ancienne ministre \u00e9ph\u00e9m\u00e8re des arm\u00e9es.<br \/>\nVia: <a href=\"http:\/\/www.lefigaro.fr\/international\/commission-europeenne-la-francaise-sylvie-goulard-designee-au-marche-interieur-20190910\" target=\"_blank\">Commission europ\u00e9enne : la Fran\u00e7aise Sylvie Goulard d\u00e9sign\u00e9e au March\u00e9 int\u00e9rieur<\/a><\/p>\n","protected":false},"excerpt":{"rendered":"<p>La Commission Europ\u00e9enne, par la voix de sa pr\u00e9sidente Ursula Von Der Leyen, a d\u00e9voil\u00e9 les noms de ses commissaires ce mardi. Parmi eux, Sylvie Goulard, ancienne ministre \u00e9ph\u00e9m\u00e8re des arm\u00e9es. Via: Commission europ\u00e9enne : la Fran\u00e7aise Sylvie Goulard d\u00e9sign\u00e9e au March\u00e9 int\u00e9rieur<\/p>\n","protected":false},"author":2,"featured_media":0,"comment_status":"open","ping_status":"closed","sticky":false,"template":"","format":"standard","meta":{"footnotes":""},"categories":[4],"tags":[],"class_list":["post-109679","post","type-post","status-publish","format-standard","hentry","category-french"],"_links":{"self":[{"href":"https:\/\/theworldwidejournal.com\/index.php?rest_route=\/wp\/v2\/posts\/109679","targetHints":{"allow":["GET"]}}],"collection":[{"href":"https:\/\/theworldwidejournal.com\/index.php?rest_route=\/wp\/v2\/posts"}],"about":[{"href":"https:\/\/theworldwidejournal.com\/index.php?rest_route=\/wp\/v2\/types\/post"}],"author":[{"embeddable":true,"href":"https:\/\/theworldwidejournal.com\/index.php?rest_route=\/wp\/v2\/users\/2"}],"replies":[{"embeddable":true,"href":"https:\/\/theworldwidejournal.com\/index.php?rest_route=%2Fwp%2Fv2%2Fcomments&post=109679"}],"version-history":[{"count":0,"href":"https:\/\/theworldwidejournal.com\/index.php?rest_route=\/wp\/v2\/posts\/109679\/revisions"}],"wp:attachment":[{"href":"https:\/\/theworldwidejournal.com\/index.php?rest_route=%2Fwp%2Fv2%2Fmedia&parent=109679"}],"wp:term":[{"taxonomy":"category","embeddable":true,"href":"https:\/\/theworldwidejournal.com\/index.php?rest_route=%2Fwp%2Fv2%2Fcategories&post=109679"},{"taxonomy":"post_tag","embeddable":true,"href":"https:\/\/theworldwidejournal.com\/index.php?rest_route=%2Fwp%2Fv2%2Ftags&post=109679"}],"curies":[{"name":"wp","href":"https:\/\/api.w.org\/{rel}","templated":true}]}}