{"id":109719,"date":"2019-09-10T15:54:46","date_gmt":"2019-09-10T13:54:46","guid":{"rendered":"https:\/\/theworldwidejournal.com\/2019\/09\/10\/ana-julia-quezada-reconoce-que-mato-al-nino-gabriel-solo-queria-que-se-callara\/"},"modified":"2019-09-10T15:54:46","modified_gmt":"2019-09-10T13:54:46","slug":"ana-julia-quezada-reconoce-que-mato-al-nino-gabriel-solo-queria-que-se-callara","status":"publish","type":"post","link":"https:\/\/theworldwidejournal.com\/?p=109719","title":{"rendered":"Ana Julia Quezada reconoce que mat\u00f3 al ni\u00f1o Gabriel: \u201cSolo quer\u00eda que se callara\u201d"},"content":{"rendered":"<p>La segunda jornada del juicio contra\u00a0Ana Julia Quezada por matar al peque\u00f1o Gabriel Cruz\u00a0ha comenzado este martes por la ma\u00f1ana con la confesi\u00f3n del asesinato. Con un escueto &#8220;s\u00ed&#8221;, la acusada ha respondido a la primera pregunta de la fiscal Elena Fern\u00e1ndez Lora, quien, de forma directa, le ha espetado si &#8220;dio muerte al hijo de su pareja sentimental&#8221;. A la cuesti\u00f3n de si se declara culpable o inocente, ha indicado que &#8220;inocente&#8221; y ha advertido de que solo responder\u00e1 a la Fiscal\u00eda y a su defensa. La hija de Quezada, que tambi\u00e9n declara este martes por videoconferencia desde Burgos, ha pedido no ver a su madre, que la c\u00e1mara no la enfoque.\u00a0Seguir leyendo.<br \/>\nVia: <a href=\"https:\/\/elpais.com\/sociedad\/2019\/09\/10\/actualidad\/1568103368_243246.html#?ref=rss&#038;format=simple&#038;link=link\" target=\"_blank\">Ana Julia Quezada reconoce que mat\u00f3 al ni\u00f1o Gabriel: \u201cSolo quer\u00eda que se callara\u201d<\/a><\/p>\n","protected":false},"excerpt":{"rendered":"<p>La segunda jornada del juicio contra\u00a0Ana Julia Quezada por matar al peque\u00f1o Gabriel Cruz\u00a0ha comenzado este martes por la ma\u00f1ana con la confesi\u00f3n del asesinato. Con un escueto &#8220;s\u00ed&#8221;, la acusada ha respondido a la primera pregunta de la fiscal Elena Fern\u00e1ndez Lora, quien, de forma directa, le ha espetado [&hellip;]<\/p>\n","protected":false},"author":2,"featured_media":0,"comment_status":"open","ping_status":"closed","sticky":false,"template":"","format":"standard","meta":{"footnotes":""},"categories":[6],"tags":[],"class_list":["post-109719","post","type-post","status-publish","format-standard","hentry","category-spanish"],"_links":{"self":[{"href":"https:\/\/theworldwidejournal.com\/index.php?rest_route=\/wp\/v2\/posts\/109719","targetHints":{"allow":["GET"]}}],"collection":[{"href":"https:\/\/theworldwidejournal.com\/index.php?rest_route=\/wp\/v2\/posts"}],"about":[{"href":"https:\/\/theworldwidejournal.com\/index.php?rest_route=\/wp\/v2\/types\/post"}],"author":[{"embeddable":true,"href":"https:\/\/theworldwidejournal.com\/index.php?rest_route=\/wp\/v2\/users\/2"}],"replies":[{"embeddable":true,"href":"https:\/\/theworldwidejournal.com\/index.php?rest_route=%2Fwp%2Fv2%2Fcomments&post=109719"}],"version-history":[{"count":0,"href":"https:\/\/theworldwidejournal.com\/index.php?rest_route=\/wp\/v2\/posts\/109719\/revisions"}],"wp:attachment":[{"href":"https:\/\/theworldwidejournal.com\/index.php?rest_route=%2Fwp%2Fv2%2Fmedia&parent=109719"}],"wp:term":[{"taxonomy":"category","embeddable":true,"href":"https:\/\/theworldwidejournal.com\/index.php?rest_route=%2Fwp%2Fv2%2Fcategories&post=109719"},{"taxonomy":"post_tag","embeddable":true,"href":"https:\/\/theworldwidejournal.com\/index.php?rest_route=%2Fwp%2Fv2%2Ftags&post=109719"}],"curies":[{"name":"wp","href":"https:\/\/api.w.org\/{rel}","templated":true}]}}