{"id":109721,"date":"2019-09-10T15:39:47","date_gmt":"2019-09-10T13:39:47","guid":{"rendered":"https:\/\/theworldwidejournal.com\/2019\/09\/10\/la-jefa-de-la-comision-europea-fija-el-cambio-climatico-las-migraciones-y-economia-como-prioridades-en-el-reparto-de-carteras\/"},"modified":"2019-09-10T15:39:47","modified_gmt":"2019-09-10T13:39:47","slug":"la-jefa-de-la-comision-europea-fija-el-cambio-climatico-las-migraciones-y-economia-como-prioridades-en-el-reparto-de-carteras","status":"publish","type":"post","link":"https:\/\/theworldwidejournal.com\/?p=109721","title":{"rendered":"La jefa de la Comisi\u00f3n Europea fija el cambio clim\u00e1tico, las migraciones y econom\u00eda como prioridades en el reparto de carteras"},"content":{"rendered":"<p>Europa tiene ya una nueva sala de mandos preparada para asumir las riendas de su ejecutivo en noviembre. Y su presidenta electa, Ursula von der Leyen, ha plasmado sus principales prioridades al atribuir a sus tres vicepresidentes ejecutivos las competencias directas sobre cambio clim\u00e1tico, entorno digital y econom\u00eda. La Comisi\u00f3n Europea pivotar\u00e1 sobre ocho vicepresidentes, entre ellos el socialista espa\u00f1ol Josep Borrell, en torno a los cuales se crear\u00e1n varios equipos de comisarios. Von der Leyen finalmente ha decidido entregar al comisario italiano, Paolo Gentiloni, la cartera de Econom\u00eda, mientras que la francesa Sylvie Goulard asumir\u00e1 la de Mercado Interior. La otra gran prioridad del nuevo gabinete ser\u00e1n las migraciones, que colgar\u00e1 de la vicepresidencia del griego Margaritis Schinas y que lleva el nombre de &#8220;Protegiendo nuestro Estilo de Vida Europeo&#8221;.Seguir leyendo.<br \/>\nVia: <a href=\"https:\/\/elpais.com\/internacional\/2019\/09\/10\/actualidad\/1568100013_603267.html#?ref=rss&#038;format=simple&#038;link=link\" target=\"_blank\">La jefa de la Comisi\u00f3n Europea fija el cambio clim\u00e1tico, las migraciones y econom\u00eda como prioridades en el reparto de carteras<\/a><\/p>\n","protected":false},"excerpt":{"rendered":"<p>Europa tiene ya una nueva sala de mandos preparada para asumir las riendas de su ejecutivo en noviembre. Y su presidenta electa, Ursula von der Leyen, ha plasmado sus principales prioridades al atribuir a sus tres vicepresidentes ejecutivos las competencias directas sobre cambio clim\u00e1tico, entorno digital y econom\u00eda. La Comisi\u00f3n [&hellip;]<\/p>\n","protected":false},"author":2,"featured_media":0,"comment_status":"open","ping_status":"closed","sticky":false,"template":"","format":"standard","meta":{"footnotes":""},"categories":[6],"tags":[],"class_list":["post-109721","post","type-post","status-publish","format-standard","hentry","category-spanish"],"_links":{"self":[{"href":"https:\/\/theworldwidejournal.com\/index.php?rest_route=\/wp\/v2\/posts\/109721","targetHints":{"allow":["GET"]}}],"collection":[{"href":"https:\/\/theworldwidejournal.com\/index.php?rest_route=\/wp\/v2\/posts"}],"about":[{"href":"https:\/\/theworldwidejournal.com\/index.php?rest_route=\/wp\/v2\/types\/post"}],"author":[{"embeddable":true,"href":"https:\/\/theworldwidejournal.com\/index.php?rest_route=\/wp\/v2\/users\/2"}],"replies":[{"embeddable":true,"href":"https:\/\/theworldwidejournal.com\/index.php?rest_route=%2Fwp%2Fv2%2Fcomments&post=109721"}],"version-history":[{"count":0,"href":"https:\/\/theworldwidejournal.com\/index.php?rest_route=\/wp\/v2\/posts\/109721\/revisions"}],"wp:attachment":[{"href":"https:\/\/theworldwidejournal.com\/index.php?rest_route=%2Fwp%2Fv2%2Fmedia&parent=109721"}],"wp:term":[{"taxonomy":"category","embeddable":true,"href":"https:\/\/theworldwidejournal.com\/index.php?rest_route=%2Fwp%2Fv2%2Fcategories&post=109721"},{"taxonomy":"post_tag","embeddable":true,"href":"https:\/\/theworldwidejournal.com\/index.php?rest_route=%2Fwp%2Fv2%2Ftags&post=109721"}],"curies":[{"name":"wp","href":"https:\/\/api.w.org\/{rel}","templated":true}]}}