{"id":109722,"date":"2019-09-10T15:24:18","date_gmt":"2019-09-10T13:24:18","guid":{"rendered":"https:\/\/theworldwidejournal.com\/2019\/09\/10\/muere-a-los-94-anos-robert-frank-fotografo-peregrino-y-forastero-en-la-tierra\/"},"modified":"2019-09-10T15:24:18","modified_gmt":"2019-09-10T13:24:18","slug":"muere-a-los-94-anos-robert-frank-fotografo-peregrino-y-forastero-en-la-tierra","status":"publish","type":"post","link":"https:\/\/theworldwidejournal.com\/?p=109722","title":{"rendered":"Muere a los 94 a\u00f1os Robert Frank, fot\u00f3grafo, peregrino y forastero en la tierra"},"content":{"rendered":"<p>El fot\u00f3grafo Robert Frank, uno de los m\u00e1s influyentes del siglo XX, ha muerto este martes en Inverness, una peque\u00f1a localidad de la provincia canadiense de Nova Scotia, a los 94 a\u00f1os. Peter MacGill, de la Galer\u00eda Pace-MacGill de Nueva York, ha confirmado la noticia, seg\u00fan explica The New York Times. Frank, nacido en Z\u00farich en 1924, lleg\u00f3 a la Gran Manzana 23 a\u00f1os despu\u00e9s y su trabajo The Americans (Los Americanos), un conjunto de im\u00e1genes en blanco y negro de sus viajes a trav\u00e9s de Estados Unidos en los a\u00f1os cincuenta, su obra m\u00e1s importante.Seguir leyendo.<br \/>\nVia: <a href=\"https:\/\/elpais.com\/cultura\/2019\/09\/10\/actualidad\/1568120559_487226.html#?ref=rss&#038;format=simple&#038;link=link\" target=\"_blank\">Muere a los 94 a\u00f1os Robert Frank, fot\u00f3grafo, peregrino y forastero en la tierra<\/a><\/p>\n","protected":false},"excerpt":{"rendered":"<p>El fot\u00f3grafo Robert Frank, uno de los m\u00e1s influyentes del siglo XX, ha muerto este martes en Inverness, una peque\u00f1a localidad de la provincia canadiense de Nova Scotia, a los 94 a\u00f1os. Peter MacGill, de la Galer\u00eda Pace-MacGill de Nueva York, ha confirmado la noticia, seg\u00fan explica The New York [&hellip;]<\/p>\n","protected":false},"author":2,"featured_media":0,"comment_status":"open","ping_status":"closed","sticky":false,"template":"","format":"standard","meta":{"footnotes":""},"categories":[6],"tags":[],"class_list":["post-109722","post","type-post","status-publish","format-standard","hentry","category-spanish"],"_links":{"self":[{"href":"https:\/\/theworldwidejournal.com\/index.php?rest_route=\/wp\/v2\/posts\/109722","targetHints":{"allow":["GET"]}}],"collection":[{"href":"https:\/\/theworldwidejournal.com\/index.php?rest_route=\/wp\/v2\/posts"}],"about":[{"href":"https:\/\/theworldwidejournal.com\/index.php?rest_route=\/wp\/v2\/types\/post"}],"author":[{"embeddable":true,"href":"https:\/\/theworldwidejournal.com\/index.php?rest_route=\/wp\/v2\/users\/2"}],"replies":[{"embeddable":true,"href":"https:\/\/theworldwidejournal.com\/index.php?rest_route=%2Fwp%2Fv2%2Fcomments&post=109722"}],"version-history":[{"count":0,"href":"https:\/\/theworldwidejournal.com\/index.php?rest_route=\/wp\/v2\/posts\/109722\/revisions"}],"wp:attachment":[{"href":"https:\/\/theworldwidejournal.com\/index.php?rest_route=%2Fwp%2Fv2%2Fmedia&parent=109722"}],"wp:term":[{"taxonomy":"category","embeddable":true,"href":"https:\/\/theworldwidejournal.com\/index.php?rest_route=%2Fwp%2Fv2%2Fcategories&post=109722"},{"taxonomy":"post_tag","embeddable":true,"href":"https:\/\/theworldwidejournal.com\/index.php?rest_route=%2Fwp%2Fv2%2Ftags&post=109722"}],"curies":[{"name":"wp","href":"https:\/\/api.w.org\/{rel}","templated":true}]}}