{"id":109725,"date":"2019-09-10T14:32:27","date_gmt":"2019-09-10T12:32:27","guid":{"rendered":"https:\/\/theworldwidejournal.com\/2019\/09\/10\/el-tribunal-supremo-fallara-definitivamente-sobre-la-exhumacion-de-franco-el-24-de-septiembre\/"},"modified":"2019-09-10T14:32:27","modified_gmt":"2019-09-10T12:32:27","slug":"el-tribunal-supremo-fallara-definitivamente-sobre-la-exhumacion-de-franco-el-24-de-septiembre","status":"publish","type":"post","link":"https:\/\/theworldwidejournal.com\/?p=109725","title":{"rendered":"El Tribunal Supremo fallar\u00e1 definitivamente sobre la exhumaci\u00f3n de Franco el 24 de septiembre"},"content":{"rendered":"<p>El Tribunal Supremo fallar\u00e1 definitivamente sobre la exhumaci\u00f3n de los restos Francisco Franco del Valle de los Ca\u00eddos el pr\u00f3ximo 24 de septiembre, han confirmado a Europa Press fuentes jur\u00eddicas. La Sala de lo Contencioso-Administrativo del alto tribunal deliberaba sobre el fondo del asunto desde que el pasado mes de junio acordara de forma un\u00e1nime suspender cautelarmente la orden del Gobierno para sacar el cuerpo el 10 de junio. Desde entonces se han estudiado las alegaciones presentadas tanto por la Abogac\u00eda del Estado como por la familia Franco y diversas asociaciones en relaci\u00f3n con este procedimiento. La paralizaci\u00f3n de la exhumaci\u00f3n se justific\u00f3 en su d\u00eda por el Supremo en la necesidad de evitar el perjuicio que, de otro modo, se causar\u00eda a los recurrentes -la familia Franco y otros tres colectivos- y, especialmente, a los intereses p\u00fablicos encarnados en el Estado y en sus instituciones constitucionales, \u00ablos cuales se ver\u00edan gravemente afectados si, exhumados esos restos, se estimara el recurso y fuera preciso devolverlos al lugar en que se hallan\u00bb. En este asunto est\u00e1n personados, adem\u00e1s de la familia Franco, La Fundaci\u00f3n Francisco Franco, la comunidad Benedictina en Cuelgamuros y la Asociaci\u00f3n de Defensa del Valle de los Ca\u00eddos.<br \/>\nVia: <a href=\"https:\/\/www.abc.es\/espana\/abci-supremo-fallara-definitivamente-sobre-exhumacion-franco-proximo-24-201909101432_noticia.html\" target=\"_blank\">El Tribunal Supremo fallar\u00e1 definitivamente sobre la exhumaci\u00f3n de Franco el 24 de septiembre<\/a><\/p>\n","protected":false},"excerpt":{"rendered":"<p>El Tribunal Supremo fallar\u00e1 definitivamente sobre la exhumaci\u00f3n de los restos Francisco Franco del Valle de los Ca\u00eddos el pr\u00f3ximo 24 de septiembre, han confirmado a Europa Press fuentes jur\u00eddicas. La Sala de lo Contencioso-Administrativo del alto tribunal deliberaba sobre el fondo del asunto desde que el pasado mes de [&hellip;]<\/p>\n","protected":false},"author":2,"featured_media":109726,"comment_status":"open","ping_status":"closed","sticky":false,"template":"","format":"standard","meta":{"footnotes":""},"categories":[6],"tags":[],"class_list":["post-109725","post","type-post","status-publish","format-standard","has-post-thumbnail","hentry","category-spanish"],"_links":{"self":[{"href":"https:\/\/theworldwidejournal.com\/index.php?rest_route=\/wp\/v2\/posts\/109725","targetHints":{"allow":["GET"]}}],"collection":[{"href":"https:\/\/theworldwidejournal.com\/index.php?rest_route=\/wp\/v2\/posts"}],"about":[{"href":"https:\/\/theworldwidejournal.com\/index.php?rest_route=\/wp\/v2\/types\/post"}],"author":[{"embeddable":true,"href":"https:\/\/theworldwidejournal.com\/index.php?rest_route=\/wp\/v2\/users\/2"}],"replies":[{"embeddable":true,"href":"https:\/\/theworldwidejournal.com\/index.php?rest_route=%2Fwp%2Fv2%2Fcomments&post=109725"}],"version-history":[{"count":0,"href":"https:\/\/theworldwidejournal.com\/index.php?rest_route=\/wp\/v2\/posts\/109725\/revisions"}],"wp:featuredmedia":[{"embeddable":true,"href":"https:\/\/theworldwidejournal.com\/index.php?rest_route=\/wp\/v2\/media\/109726"}],"wp:attachment":[{"href":"https:\/\/theworldwidejournal.com\/index.php?rest_route=%2Fwp%2Fv2%2Fmedia&parent=109725"}],"wp:term":[{"taxonomy":"category","embeddable":true,"href":"https:\/\/theworldwidejournal.com\/index.php?rest_route=%2Fwp%2Fv2%2Fcategories&post=109725"},{"taxonomy":"post_tag","embeddable":true,"href":"https:\/\/theworldwidejournal.com\/index.php?rest_route=%2Fwp%2Fv2%2Ftags&post=109725"}],"curies":[{"name":"wp","href":"https:\/\/api.w.org\/{rel}","templated":true}]}}