{"id":109731,"date":"2019-09-10T12:42:51","date_gmt":"2019-09-10T10:42:51","guid":{"rendered":"https:\/\/theworldwidejournal.com\/2019\/09\/10\/la-jefa-de-la-comision-europea-anuncia-las-carteras-de-su-ejecutivo-el-mas-paritario-de-la-historia\/"},"modified":"2019-09-10T12:42:51","modified_gmt":"2019-09-10T10:42:51","slug":"la-jefa-de-la-comision-europea-anuncia-las-carteras-de-su-ejecutivo-el-mas-paritario-de-la-historia","status":"publish","type":"post","link":"https:\/\/theworldwidejournal.com\/?p=109731","title":{"rendered":"La jefa de la Comisi\u00f3n Europea anuncia las carteras de su Ejecutivo, el m\u00e1s paritario de la historia"},"content":{"rendered":"<p>La futura presidenta de la Comisi\u00f3n Europea, Ursula von der Leyen, present\u00f3 este martes su nuevo equipo de gobierno para la legislatura entre 2019 y 2024, un colegio de comisarios con mucho peso en \u00e1reas como el clima y la digitalizaci\u00f3n y con carteras clave para Italia, Francia o Irlanda. La estructura de la nueva Comisi\u00f3n cuenta con ocho vicepresidencias, que incluyen tres ejecutivas que vertebran las prioridades de la conservadora alemana. El let\u00f3n Valdis Dombrovskis estar\u00e1 a cargo de \u00abuna econom\u00eda que funcione en pro de las personas\u00bb y repetir\u00e1 tambi\u00e9n como comisario de servicios financieros; el holand\u00e9s Frans Timmermans ser\u00e1 el vicepresidente por un Pacto Verde Europeo y gestionar\u00e1 la pol\u00edtica de acci\u00f3n por el clima; y la danesa Margrethe Vestager asumir\u00e1 la vicepresidencia para una Europa adaptada a la era digital y repetir\u00e1 como comisaria de Competencia. Los cinco vicepresidentes restantes son el espa\u00f1ol Josep Borrell, cuyo puesto de alto representante de la UE para la Pol\u00edtica Exterior ya acordaron los Estados miembros en julio; el eslovaco Maros Sefcovic (Relaciones Interinstitucionales y Previsi\u00f3n); la checa Vera Jourov\u00e1 (Valores y Transparencia); la croata Dubravka Suica (Democracia y Demograf\u00eda) y el griego Margaritis Schinas (Protecci\u00f3n del estilo de vida europeo). La importante cartera de Econom\u00eda recae en el ex primer ministro italiano Paolo Gentiloni, cuyo pa\u00eds ha estado durante meses enfrentado con Bruselas por su reiterado incumplimiento de los objetivos fiscales pactados y su elevada deuda p\u00fablica. Von der Leyen asegur\u00f3 que conf\u00eda en la amplia experiencia de Gentiloni y dijo que el italiano \u00absabe perfectamente cu\u00e1les son los asuntos importantes\u00bb, al tiempo que descart\u00f3 que la decisi\u00f3n final sobre un potencial procedimiento de infracci\u00f3n por la deuda italiana pudiera estar en manos de Gentiloni. \u00abLa decisi\u00f3n la toma el colegio de comisarios\u00bb, asegur\u00f3. Un veterano de Bruselas como comisario de Agricultura, el irland\u00e9s Phil Hogan, se lleva la cartera de Comercio, muy activa durante la pasada legislatura por la firma de varios tratados de libre comercio con terceros pa\u00edses y la gesti\u00f3n de las tensiones comerciales con Estados Unidos. La elecci\u00f3n del irland\u00e9s es particularmente simb\u00f3lica, ya que una vez se produzca el Brexit la Uni\u00f3n Europea (UE) tendr\u00e1 que negociar una nueva relaci\u00f3n comercial con el Reino Unido, un proceso en el que el propio Hogan tendr\u00e1 un papel fundamental. Von der Leyen asegur\u00f3 que conoce a Hogan como un \u00abnegociador excelente y muy justo\u00bb y que ha gestionado \u00abde forma brillante\u00bb la cartera de Agricultura, y confi\u00f3 en que la marcha brit\u00e1nica de la UE, \u00absi sucede\u00bb, sea \u00abno el final de algo sino el inicio de una relaci\u00f3n futura\u00bb que espera sea \u00abbuena\u00bb. En cuanto al actual negociador europeo para el Brexit, Michel Barnier, Von der Leyen asegur\u00f3 que debatir\u00e1 con \u00e9l una \u00abprolongaci\u00f3n\u00bb de su tarea porque valora su experiencia pasada en las negociaciones, aunque se\u00f1al\u00f3 que todo depender\u00e1 de la certidumbre sobre el proceso que haya el 1 de noviembre, el d\u00eda despu\u00e9s de la salida prevista del Reino Unido. Tambi\u00e9n relevantes son las carteras de Agricultura, que asume el polaco Janusz Wojciechowski; Interior, para la sueca Ylva Johansson, Justicia, que llevar\u00e1 el belga Didier Reynders; o Mercado Interior, para la francesa Sylvie Goulard, quien tambi\u00e9n asumir\u00e1 competencias sobre Defensa y Espacio. Con catorce hombres y trece mujeres, es una Comisi\u00f3n con una paridad casi perfecta en cuanto a g\u00e9nero (con una comisaria dedicada exclusivamente a la tarea de Igualdad, la maltesa Helena Dalli), que cumple con la promesa que hizo Von der Leyen al Parlamento Europeo en julio. El comisario m\u00e1s joven ser\u00e1 el lituano Virginijus Sinkevicius, de 28 a\u00f1os, mientras que Josep Borrell, con 72, es el mayor en un equipo que tiene 55,8 a\u00f1os de media. Los comisarios designados disponen ahora de tres semanas para preparar el \u00abexamen\u00bb al que les someter\u00e1 el Parlamento Europeo antes de confirmar su cargo: una audiencia ante las comisiones parlamentarias de las tem\u00e1ticas de sus carteras que concluye con un informe vinculante sobre la validez de cada candidato. La celebraci\u00f3n de las audiencias se espera entre el 30 de septiembre y el 8 de octubre, y el voto final de la Euroc\u00e1mara sobre el equipo al completo se producir\u00e1 en la sesi\u00f3n plenaria del mes de octubre, a finales de ese mes, para que la nueva Comisi\u00f3n eche a andar el pr\u00f3ximo 1 de noviembre.<br \/>\nVia: <a href=\"https:\/\/www.abc.es\/internacional\/abci-jefa-comision-europea-anuncia-carteras-ejecutivo-mas-paritario-historia-201909101242_noticia.html\" target=\"_blank\">La jefa de la Comisi\u00f3n Europea anuncia las carteras de su Ejecutivo, el m\u00e1s paritario de la historia<\/a><\/p>\n","protected":false},"excerpt":{"rendered":"<p>La futura presidenta de la Comisi\u00f3n Europea, Ursula von der Leyen, present\u00f3 este martes su nuevo equipo de gobierno para la legislatura entre 2019 y 2024, un colegio de comisarios con mucho peso en \u00e1reas como el clima y la digitalizaci\u00f3n y con carteras clave para Italia, Francia o Irlanda. [&hellip;]<\/p>\n","protected":false},"author":2,"featured_media":109732,"comment_status":"open","ping_status":"closed","sticky":false,"template":"","format":"standard","meta":{"footnotes":""},"categories":[6],"tags":[],"class_list":["post-109731","post","type-post","status-publish","format-standard","has-post-thumbnail","hentry","category-spanish"],"_links":{"self":[{"href":"https:\/\/theworldwidejournal.com\/index.php?rest_route=\/wp\/v2\/posts\/109731","targetHints":{"allow":["GET"]}}],"collection":[{"href":"https:\/\/theworldwidejournal.com\/index.php?rest_route=\/wp\/v2\/posts"}],"about":[{"href":"https:\/\/theworldwidejournal.com\/index.php?rest_route=\/wp\/v2\/types\/post"}],"author":[{"embeddable":true,"href":"https:\/\/theworldwidejournal.com\/index.php?rest_route=\/wp\/v2\/users\/2"}],"replies":[{"embeddable":true,"href":"https:\/\/theworldwidejournal.com\/index.php?rest_route=%2Fwp%2Fv2%2Fcomments&post=109731"}],"version-history":[{"count":0,"href":"https:\/\/theworldwidejournal.com\/index.php?rest_route=\/wp\/v2\/posts\/109731\/revisions"}],"wp:featuredmedia":[{"embeddable":true,"href":"https:\/\/theworldwidejournal.com\/index.php?rest_route=\/wp\/v2\/media\/109732"}],"wp:attachment":[{"href":"https:\/\/theworldwidejournal.com\/index.php?rest_route=%2Fwp%2Fv2%2Fmedia&parent=109731"}],"wp:term":[{"taxonomy":"category","embeddable":true,"href":"https:\/\/theworldwidejournal.com\/index.php?rest_route=%2Fwp%2Fv2%2Fcategories&post=109731"},{"taxonomy":"post_tag","embeddable":true,"href":"https:\/\/theworldwidejournal.com\/index.php?rest_route=%2Fwp%2Fv2%2Ftags&post=109731"}],"curies":[{"name":"wp","href":"https:\/\/api.w.org\/{rel}","templated":true}]}}