{"id":109756,"date":"2019-09-10T23:11:33","date_gmt":"2019-09-10T21:11:33","guid":{"rendered":"https:\/\/theworldwidejournal.com\/2019\/09\/10\/dans-son-livre-tariq-ramadan-ose-la-comparaison-avec-laffaire-dreyfus\/"},"modified":"2019-09-10T23:11:33","modified_gmt":"2019-09-10T21:11:33","slug":"dans-son-livre-tariq-ramadan-ose-la-comparaison-avec-laffaire-dreyfus","status":"publish","type":"post","link":"https:\/\/theworldwidejournal.com\/?p=109756","title":{"rendered":"Dans son livre, Tariq Ramadan ose la comparaison avec l\u2019affaire Dreyfus"},"content":{"rendered":"<p>Nous avons lu Devoir de v\u00e9rit\u00e9, l\u2019ouvrage \u00e0 para\u00eetre ce mercredi du controvers\u00e9 islamologue suisse. Celui-ci nie en bloc les accusations de viol qui le visent. Et d\u00e9nonce un \u00abracisme d\u2019\u00c9tat\u00bb.<br \/>\nVia: <a href=\"http:\/\/www.lefigaro.fr\/actualite-france\/tariq-ramadan-ose-la-comparaison-avec-l-affaire-dreyfus-20190910\" target=\"_blank\">Dans son livre, Tariq Ramadan ose la comparaison avec l\u2019affaire Dreyfus<\/a><\/p>\n","protected":false},"excerpt":{"rendered":"<p>Nous avons lu Devoir de v\u00e9rit\u00e9, l\u2019ouvrage \u00e0 para\u00eetre ce mercredi du controvers\u00e9 islamologue suisse. Celui-ci nie en bloc les accusations de viol qui le visent. Et d\u00e9nonce un \u00abracisme d\u2019\u00c9tat\u00bb. Via: Dans son livre, Tariq Ramadan ose la comparaison avec l\u2019affaire Dreyfus<\/p>\n","protected":false},"author":2,"featured_media":0,"comment_status":"open","ping_status":"closed","sticky":false,"template":"","format":"standard","meta":{"footnotes":""},"categories":[4],"tags":[],"class_list":["post-109756","post","type-post","status-publish","format-standard","hentry","category-french"],"_links":{"self":[{"href":"https:\/\/theworldwidejournal.com\/index.php?rest_route=\/wp\/v2\/posts\/109756","targetHints":{"allow":["GET"]}}],"collection":[{"href":"https:\/\/theworldwidejournal.com\/index.php?rest_route=\/wp\/v2\/posts"}],"about":[{"href":"https:\/\/theworldwidejournal.com\/index.php?rest_route=\/wp\/v2\/types\/post"}],"author":[{"embeddable":true,"href":"https:\/\/theworldwidejournal.com\/index.php?rest_route=\/wp\/v2\/users\/2"}],"replies":[{"embeddable":true,"href":"https:\/\/theworldwidejournal.com\/index.php?rest_route=%2Fwp%2Fv2%2Fcomments&post=109756"}],"version-history":[{"count":0,"href":"https:\/\/theworldwidejournal.com\/index.php?rest_route=\/wp\/v2\/posts\/109756\/revisions"}],"wp:attachment":[{"href":"https:\/\/theworldwidejournal.com\/index.php?rest_route=%2Fwp%2Fv2%2Fmedia&parent=109756"}],"wp:term":[{"taxonomy":"category","embeddable":true,"href":"https:\/\/theworldwidejournal.com\/index.php?rest_route=%2Fwp%2Fv2%2Fcategories&post=109756"},{"taxonomy":"post_tag","embeddable":true,"href":"https:\/\/theworldwidejournal.com\/index.php?rest_route=%2Fwp%2Fv2%2Ftags&post=109756"}],"curies":[{"name":"wp","href":"https:\/\/api.w.org\/{rel}","templated":true}]}}