{"id":109790,"date":"2019-09-11T00:00:39","date_gmt":"2019-09-10T22:00:39","guid":{"rendered":"https:\/\/theworldwidejournal.com\/2019\/09\/11\/la-hija-feminista-de-macron-lanza-un-metoo-contra-jair-bolsonaro\/"},"modified":"2019-09-11T00:00:39","modified_gmt":"2019-09-10T22:00:39","slug":"la-hija-feminista-de-macron-lanza-un-metoo-contra-jair-bolsonaro","status":"publish","type":"post","link":"https:\/\/theworldwidejournal.com\/?p=109790","title":{"rendered":"La hija feminista de Macron lanza un MeToo contra Jair Bolsonaro"},"content":{"rendered":"<p>Francia no es Estados Unidos y, aunque la primera dama tenga m\u00e1s presencia \u2014y atenci\u00f3n medi\u00e1tica\u2014 que los c\u00f3nyuges de otros mandatarios europeos, el resto de la familia del presidente suele quedar en un discreto segundo plano. As\u00ed ha sucedido tambi\u00e9n ampliamente durante los dos a\u00f1os y medio que Emmanuel Macron, de 41 a\u00f1os, lleva en el palacio del El\u00edseo. La familia de su esposa Brigitte, de 66 y que tiene tres hijos de su primer matrimonio y que rondan la misma edad que el presidente, raramente se muestra en p\u00fablico.Seguir leyendo.<br \/>\nVia: <a href=\"https:\/\/elpais.com\/elpais\/2019\/09\/10\/gente\/1568128833_282303.html#?ref=rss&#038;format=simple&#038;link=link\" target=\"_blank\">La hija feminista de Macron lanza un MeToo contra Jair Bolsonaro<\/a><\/p>\n","protected":false},"excerpt":{"rendered":"<p>Francia no es Estados Unidos y, aunque la primera dama tenga m\u00e1s presencia \u2014y atenci\u00f3n medi\u00e1tica\u2014 que los c\u00f3nyuges de otros mandatarios europeos, el resto de la familia del presidente suele quedar en un discreto segundo plano. As\u00ed ha sucedido tambi\u00e9n ampliamente durante los dos a\u00f1os y medio que Emmanuel [&hellip;]<\/p>\n","protected":false},"author":2,"featured_media":0,"comment_status":"open","ping_status":"closed","sticky":false,"template":"","format":"standard","meta":{"footnotes":""},"categories":[6],"tags":[],"class_list":["post-109790","post","type-post","status-publish","format-standard","hentry","category-spanish"],"_links":{"self":[{"href":"https:\/\/theworldwidejournal.com\/index.php?rest_route=\/wp\/v2\/posts\/109790","targetHints":{"allow":["GET"]}}],"collection":[{"href":"https:\/\/theworldwidejournal.com\/index.php?rest_route=\/wp\/v2\/posts"}],"about":[{"href":"https:\/\/theworldwidejournal.com\/index.php?rest_route=\/wp\/v2\/types\/post"}],"author":[{"embeddable":true,"href":"https:\/\/theworldwidejournal.com\/index.php?rest_route=\/wp\/v2\/users\/2"}],"replies":[{"embeddable":true,"href":"https:\/\/theworldwidejournal.com\/index.php?rest_route=%2Fwp%2Fv2%2Fcomments&post=109790"}],"version-history":[{"count":0,"href":"https:\/\/theworldwidejournal.com\/index.php?rest_route=\/wp\/v2\/posts\/109790\/revisions"}],"wp:attachment":[{"href":"https:\/\/theworldwidejournal.com\/index.php?rest_route=%2Fwp%2Fv2%2Fmedia&parent=109790"}],"wp:term":[{"taxonomy":"category","embeddable":true,"href":"https:\/\/theworldwidejournal.com\/index.php?rest_route=%2Fwp%2Fv2%2Fcategories&post=109790"},{"taxonomy":"post_tag","embeddable":true,"href":"https:\/\/theworldwidejournal.com\/index.php?rest_route=%2Fwp%2Fv2%2Ftags&post=109790"}],"curies":[{"name":"wp","href":"https:\/\/api.w.org\/{rel}","templated":true}]}}