{"id":109793,"date":"2019-09-10T23:00:05","date_gmt":"2019-09-10T21:00:05","guid":{"rendered":"https:\/\/theworldwidejournal.com\/2019\/09\/10\/desde-pp-a-erc-la-oposicion-responsabiliza-a-sanchez-e-iglesias\/"},"modified":"2019-09-10T23:00:05","modified_gmt":"2019-09-10T21:00:05","slug":"desde-pp-a-erc-la-oposicion-responsabiliza-a-sanchez-e-iglesias","status":"publish","type":"post","link":"https:\/\/theworldwidejournal.com\/?p=109793","title":{"rendered":"Desde PP a ERC, la oposici\u00f3n responsabiliza a S\u00e1nchez e Iglesias"},"content":{"rendered":"<p>La oposici\u00f3n, desde el PP a los nacionalistas vascos y catalanes, lo tiene claro: la responsabilidad y el fracaso de acudir a otras elecciones el 10-N (las cuartas en cuatro a\u00f1os) hay que achac\u00e1rsela a Pedro S\u00e1nchez y Pablo Iglesias. Los populares han reactivado su maquinaria con un lema (echar la culpa del paro y la incipiente crisis econ\u00f3mica al presidente del Gobierno en funciones) y un objetivo: que no siga en La Moncloa. PNV y ERC, sobre todo, lamentan la falta de acuerdo y coinciden con JuntsxCat en el riesgo de dar otra oportunidad para que gobierne la derecha.Seguir leyendo.<br \/>\nVia: <a href=\"https:\/\/elpais.com\/politica\/2019\/09\/10\/actualidad\/1568137742_087657.html#?ref=rss&#038;format=simple&#038;link=link\" target=\"_blank\">Desde PP a ERC, la oposici\u00f3n responsabiliza a S\u00e1nchez e Iglesias<\/a><\/p>\n","protected":false},"excerpt":{"rendered":"<p>La oposici\u00f3n, desde el PP a los nacionalistas vascos y catalanes, lo tiene claro: la responsabilidad y el fracaso de acudir a otras elecciones el 10-N (las cuartas en cuatro a\u00f1os) hay que achac\u00e1rsela a Pedro S\u00e1nchez y Pablo Iglesias. Los populares han reactivado su maquinaria con un lema (echar [&hellip;]<\/p>\n","protected":false},"author":2,"featured_media":0,"comment_status":"open","ping_status":"closed","sticky":false,"template":"","format":"standard","meta":{"footnotes":""},"categories":[6],"tags":[],"class_list":["post-109793","post","type-post","status-publish","format-standard","hentry","category-spanish"],"_links":{"self":[{"href":"https:\/\/theworldwidejournal.com\/index.php?rest_route=\/wp\/v2\/posts\/109793","targetHints":{"allow":["GET"]}}],"collection":[{"href":"https:\/\/theworldwidejournal.com\/index.php?rest_route=\/wp\/v2\/posts"}],"about":[{"href":"https:\/\/theworldwidejournal.com\/index.php?rest_route=\/wp\/v2\/types\/post"}],"author":[{"embeddable":true,"href":"https:\/\/theworldwidejournal.com\/index.php?rest_route=\/wp\/v2\/users\/2"}],"replies":[{"embeddable":true,"href":"https:\/\/theworldwidejournal.com\/index.php?rest_route=%2Fwp%2Fv2%2Fcomments&post=109793"}],"version-history":[{"count":0,"href":"https:\/\/theworldwidejournal.com\/index.php?rest_route=\/wp\/v2\/posts\/109793\/revisions"}],"wp:attachment":[{"href":"https:\/\/theworldwidejournal.com\/index.php?rest_route=%2Fwp%2Fv2%2Fmedia&parent=109793"}],"wp:term":[{"taxonomy":"category","embeddable":true,"href":"https:\/\/theworldwidejournal.com\/index.php?rest_route=%2Fwp%2Fv2%2Fcategories&post=109793"},{"taxonomy":"post_tag","embeddable":true,"href":"https:\/\/theworldwidejournal.com\/index.php?rest_route=%2Fwp%2Fv2%2Ftags&post=109793"}],"curies":[{"name":"wp","href":"https:\/\/api.w.org\/{rel}","templated":true}]}}