{"id":109821,"date":"2019-09-11T15:18:27","date_gmt":"2019-09-11T13:18:27","guid":{"rendered":"https:\/\/theworldwidejournal.com\/2019\/09\/11\/richard-ferrand-entendu-par-la-justice-a-lille-dans-laffaire-des-mutuelles-de-bretagne\/"},"modified":"2019-09-11T15:18:27","modified_gmt":"2019-09-11T13:18:27","slug":"richard-ferrand-entendu-par-la-justice-a-lille-dans-laffaire-des-mutuelles-de-bretagne","status":"publish","type":"post","link":"https:\/\/theworldwidejournal.com\/?p=109821","title":{"rendered":"Richard Ferrand entendu par la justice \u00e0 Lille dans l\u2019affaire des Mutuelles de Bretagne"},"content":{"rendered":"<p>En\u00a02011, l\u2019organisme, que M.\u00a0Ferrand dirigeait alors, avait d\u00e9cid\u00e9 de louer des locaux commerciaux appartenant \u00e0 sa compagne. L\u2019ancien ministre conteste toute irr\u00e9gularit\u00e9.<br \/>\nVia: <a href=\"https:\/\/www.lemonde.fr\/societe\/article\/2019\/09\/11\/richard-ferrand-entendu-par-la-justice-a-lille-dans-l-affaire-des-mutuelles-de-bretagne_5509212_3224.html\" target=\"_blank\">Richard Ferrand entendu par la justice \u00e0 Lille dans l\u2019affaire des Mutuelles de Bretagne<\/a><\/p>\n","protected":false},"excerpt":{"rendered":"<p>En\u00a02011, l\u2019organisme, que M.\u00a0Ferrand dirigeait alors, avait d\u00e9cid\u00e9 de louer des locaux commerciaux appartenant \u00e0 sa compagne. L\u2019ancien ministre conteste toute irr\u00e9gularit\u00e9. Via: Richard Ferrand entendu par la justice \u00e0 Lille dans l\u2019affaire des Mutuelles de Bretagne<\/p>\n","protected":false},"author":2,"featured_media":0,"comment_status":"open","ping_status":"closed","sticky":false,"template":"","format":"standard","meta":{"footnotes":""},"categories":[4],"tags":[],"class_list":["post-109821","post","type-post","status-publish","format-standard","hentry","category-french"],"_links":{"self":[{"href":"https:\/\/theworldwidejournal.com\/index.php?rest_route=\/wp\/v2\/posts\/109821","targetHints":{"allow":["GET"]}}],"collection":[{"href":"https:\/\/theworldwidejournal.com\/index.php?rest_route=\/wp\/v2\/posts"}],"about":[{"href":"https:\/\/theworldwidejournal.com\/index.php?rest_route=\/wp\/v2\/types\/post"}],"author":[{"embeddable":true,"href":"https:\/\/theworldwidejournal.com\/index.php?rest_route=\/wp\/v2\/users\/2"}],"replies":[{"embeddable":true,"href":"https:\/\/theworldwidejournal.com\/index.php?rest_route=%2Fwp%2Fv2%2Fcomments&post=109821"}],"version-history":[{"count":0,"href":"https:\/\/theworldwidejournal.com\/index.php?rest_route=\/wp\/v2\/posts\/109821\/revisions"}],"wp:attachment":[{"href":"https:\/\/theworldwidejournal.com\/index.php?rest_route=%2Fwp%2Fv2%2Fmedia&parent=109821"}],"wp:term":[{"taxonomy":"category","embeddable":true,"href":"https:\/\/theworldwidejournal.com\/index.php?rest_route=%2Fwp%2Fv2%2Fcategories&post=109821"},{"taxonomy":"post_tag","embeddable":true,"href":"https:\/\/theworldwidejournal.com\/index.php?rest_route=%2Fwp%2Fv2%2Ftags&post=109821"}],"curies":[{"name":"wp","href":"https:\/\/api.w.org\/{rel}","templated":true}]}}