{"id":109862,"date":"2019-09-11T15:56:47","date_gmt":"2019-09-11T13:56:47","guid":{"rendered":"https:\/\/theworldwidejournal.com\/2019\/09\/11\/la-diada-2019-de-cataluna-ultimas-noticias-en-directo-el-govern-pide-salir-a-la-calle-para-recuperar-derechos-y-libertades\/"},"modified":"2019-09-11T15:56:47","modified_gmt":"2019-09-11T13:56:47","slug":"la-diada-2019-de-cataluna-ultimas-noticias-en-directo-el-govern-pide-salir-a-la-calle-para-recuperar-derechos-y-libertades","status":"publish","type":"post","link":"https:\/\/theworldwidejournal.com\/?p=109862","title":{"rendered":"La Diada 2019 de Catalu\u00f1a, \u00faltimas noticias en directo | El Govern pide salir a la calle para \u201crecuperar derechos y libertades\u201d"},"content":{"rendered":"<p>Cada vez m\u00e1s divididos despu\u00e9s del intento de secesi\u00f3n de 2017, los independentistas catalanes quieren medir sus fuerzas este mi\u00e9rcoles con una gran manifestaci\u00f3n en Barcelona a pocas semanas de la sentencia judicial contra sus dirigentes. La marcha ser\u00e1 la octava organizada consecutivamente desde 2012 en ocasi\u00f3n de la Diada del 11 de septiembre, fiesta regional de Catalu\u00f1a que recuerda la ca\u00edda de Barcelona en 1714 ante las tropas del rey Felipe V durante la guerra de Sucesi\u00f3n Espa\u00f1ola. Con el lema &#8220;Objetivo independencia&#8221;, esta manifestaci\u00f3n, que en los a\u00f1os anteriores hab\u00eda superado el mill\u00f3n de participantes, empezar\u00e1 a las 17.14 en la plaza Espa\u00f1a de Barcelona. Siga en directo los actos de la jornada.Seguir leyendo.<br \/>\nVia: <a href=\"https:\/\/elpais.com\/ccaa\/2019\/09\/11\/catalunya\/1568179329_572769.html#?ref=rss&#038;format=simple&#038;link=link\" target=\"_blank\">La Diada 2019 de Catalu\u00f1a, \u00faltimas noticias en directo | El Govern pide salir a la calle para \u201crecuperar derechos y libertades\u201d<\/a><\/p>\n","protected":false},"excerpt":{"rendered":"<p>Cada vez m\u00e1s divididos despu\u00e9s del intento de secesi\u00f3n de 2017, los independentistas catalanes quieren medir sus fuerzas este mi\u00e9rcoles con una gran manifestaci\u00f3n en Barcelona a pocas semanas de la sentencia judicial contra sus dirigentes. La marcha ser\u00e1 la octava organizada consecutivamente desde 2012 en ocasi\u00f3n de la Diada [&hellip;]<\/p>\n","protected":false},"author":2,"featured_media":0,"comment_status":"open","ping_status":"closed","sticky":false,"template":"","format":"standard","meta":{"footnotes":""},"categories":[6],"tags":[],"class_list":["post-109862","post","type-post","status-publish","format-standard","hentry","category-spanish"],"_links":{"self":[{"href":"https:\/\/theworldwidejournal.com\/index.php?rest_route=\/wp\/v2\/posts\/109862","targetHints":{"allow":["GET"]}}],"collection":[{"href":"https:\/\/theworldwidejournal.com\/index.php?rest_route=\/wp\/v2\/posts"}],"about":[{"href":"https:\/\/theworldwidejournal.com\/index.php?rest_route=\/wp\/v2\/types\/post"}],"author":[{"embeddable":true,"href":"https:\/\/theworldwidejournal.com\/index.php?rest_route=\/wp\/v2\/users\/2"}],"replies":[{"embeddable":true,"href":"https:\/\/theworldwidejournal.com\/index.php?rest_route=%2Fwp%2Fv2%2Fcomments&post=109862"}],"version-history":[{"count":0,"href":"https:\/\/theworldwidejournal.com\/index.php?rest_route=\/wp\/v2\/posts\/109862\/revisions"}],"wp:attachment":[{"href":"https:\/\/theworldwidejournal.com\/index.php?rest_route=%2Fwp%2Fv2%2Fmedia&parent=109862"}],"wp:term":[{"taxonomy":"category","embeddable":true,"href":"https:\/\/theworldwidejournal.com\/index.php?rest_route=%2Fwp%2Fv2%2Fcategories&post=109862"},{"taxonomy":"post_tag","embeddable":true,"href":"https:\/\/theworldwidejournal.com\/index.php?rest_route=%2Fwp%2Fv2%2Ftags&post=109862"}],"curies":[{"name":"wp","href":"https:\/\/api.w.org\/{rel}","templated":true}]}}