{"id":109863,"date":"2019-09-11T15:53:18","date_gmt":"2019-09-11T13:53:18","guid":{"rendered":"https:\/\/theworldwidejournal.com\/2019\/09\/11\/quezada-el-dia-que-desenterro-el-cuerpo-de-gabriel-tranquila-ana-no-vas-a-ir-a-la-carcel\/"},"modified":"2019-09-11T15:53:18","modified_gmt":"2019-09-11T13:53:18","slug":"quezada-el-dia-que-desenterro-el-cuerpo-de-gabriel-tranquila-ana-no-vas-a-ir-a-la-carcel","status":"publish","type":"post","link":"https:\/\/theworldwidejournal.com\/?p=109863","title":{"rendered":"Quezada, el d\u00eda que desenterr\u00f3 el cuerpo de Gabriel: \u201cTranquila, Ana, no vas a ir a la c\u00e1rcel\u201d"},"content":{"rendered":"<p>&#8220;Tranquila, Ana, no vas a ir a la c\u00e1rcel&#8221;. De esta forma se animaba a s\u00ed misma Ana Julia Quezada el d\u00eda en que desenterr\u00f3 el cuerpo de Gabriel Cruz, de ocho a\u00f1os, de la finca de Rodalquilar (N\u00edjar, Almer\u00eda) donde lo mat\u00f3 d\u00edas antes. La frase qued\u00f3 recogida en las grabaciones practicadas por los investigadores en el coche de Quezada, seg\u00fan ha relatado este mi\u00e9rcoles el teniente de la Guardia Civil instructor del caso en la tercera jornada del juicio a la autora confesa de la muerte del hijo de su entonces novio.Seguir leyendo.<br \/>\nVia: <a href=\"https:\/\/elpais.com\/sociedad\/2019\/09\/11\/actualidad\/1568184462_691879.html#?ref=rss&#038;format=simple&#038;link=link\" target=\"_blank\">Quezada, el d\u00eda que desenterr\u00f3 el cuerpo de Gabriel: \u201cTranquila, Ana, no vas a ir a la c\u00e1rcel\u201d<\/a><\/p>\n","protected":false},"excerpt":{"rendered":"<p>&#8220;Tranquila, Ana, no vas a ir a la c\u00e1rcel&#8221;. De esta forma se animaba a s\u00ed misma Ana Julia Quezada el d\u00eda en que desenterr\u00f3 el cuerpo de Gabriel Cruz, de ocho a\u00f1os, de la finca de Rodalquilar (N\u00edjar, Almer\u00eda) donde lo mat\u00f3 d\u00edas antes. La frase qued\u00f3 recogida en [&hellip;]<\/p>\n","protected":false},"author":2,"featured_media":0,"comment_status":"open","ping_status":"closed","sticky":false,"template":"","format":"standard","meta":{"footnotes":""},"categories":[6],"tags":[],"class_list":["post-109863","post","type-post","status-publish","format-standard","hentry","category-spanish"],"_links":{"self":[{"href":"https:\/\/theworldwidejournal.com\/index.php?rest_route=\/wp\/v2\/posts\/109863","targetHints":{"allow":["GET"]}}],"collection":[{"href":"https:\/\/theworldwidejournal.com\/index.php?rest_route=\/wp\/v2\/posts"}],"about":[{"href":"https:\/\/theworldwidejournal.com\/index.php?rest_route=\/wp\/v2\/types\/post"}],"author":[{"embeddable":true,"href":"https:\/\/theworldwidejournal.com\/index.php?rest_route=\/wp\/v2\/users\/2"}],"replies":[{"embeddable":true,"href":"https:\/\/theworldwidejournal.com\/index.php?rest_route=%2Fwp%2Fv2%2Fcomments&post=109863"}],"version-history":[{"count":0,"href":"https:\/\/theworldwidejournal.com\/index.php?rest_route=\/wp\/v2\/posts\/109863\/revisions"}],"wp:attachment":[{"href":"https:\/\/theworldwidejournal.com\/index.php?rest_route=%2Fwp%2Fv2%2Fmedia&parent=109863"}],"wp:term":[{"taxonomy":"category","embeddable":true,"href":"https:\/\/theworldwidejournal.com\/index.php?rest_route=%2Fwp%2Fv2%2Fcategories&post=109863"},{"taxonomy":"post_tag","embeddable":true,"href":"https:\/\/theworldwidejournal.com\/index.php?rest_route=%2Fwp%2Fv2%2Ftags&post=109863"}],"curies":[{"name":"wp","href":"https:\/\/api.w.org\/{rel}","templated":true}]}}