{"id":109889,"date":"2019-09-12T03:51:01","date_gmt":"2019-09-12T01:51:01","guid":{"rendered":"https:\/\/theworldwidejournal.com\/2019\/09\/12\/mutuelles-de-bretagne-mis-en-examen-richard-ferrand-se-dit-determine-a-poursuivre-sa-mission-de-president-de-lassemblee\/"},"modified":"2019-09-12T03:51:01","modified_gmt":"2019-09-12T01:51:01","slug":"mutuelles-de-bretagne-mis-en-examen-richard-ferrand-se-dit-determine-a-poursuivre-sa-mission-de-president-de-lassemblee","status":"publish","type":"post","link":"https:\/\/theworldwidejournal.com\/?p=109889","title":{"rendered":"Mutuelles de Bretagne\u00a0: mis en examen, Richard Ferrand se dit \u00ab\u00a0d\u00e9termin\u00e9 \u00e0 poursuivre sa mission\u00a0\u00bb de pr\u00e9sident de l\u2019Assembl\u00e9e"},"content":{"rendered":"<p>Le responsable LRM \u00e9tait entendu dans le cadre d\u2019une enqu\u00eate sur des soup\u00e7ons de prise ill\u00e9gale d\u2019int\u00e9r\u00eats dans ses fonctions de directeur de la mutuelle bretonne de 1998 \u00e0 2012.<br \/>\nVia: <a href=\"https:\/\/www.lemonde.fr\/societe\/article\/2019\/09\/12\/mutuelles-de-bretagne-mis-en-examen-richard-ferrand-se-dit-determine-a-poursuivre-sa-mission-de-president-de-l-assemblee_5509357_3224.html\" target=\"_blank\">Mutuelles de Bretagne\u00a0: mis en examen, Richard Ferrand se dit \u00ab\u00a0d\u00e9termin\u00e9 \u00e0 poursuivre sa mission\u00a0\u00bb de pr\u00e9sident de l\u2019Assembl\u00e9e<\/a><\/p>\n","protected":false},"excerpt":{"rendered":"<p>Le responsable LRM \u00e9tait entendu dans le cadre d\u2019une enqu\u00eate sur des soup\u00e7ons de prise ill\u00e9gale d\u2019int\u00e9r\u00eats dans ses fonctions de directeur de la mutuelle bretonne de 1998 \u00e0 2012. Via: Mutuelles de Bretagne\u00a0: mis en examen, Richard Ferrand se dit \u00ab\u00a0d\u00e9termin\u00e9 \u00e0 poursuivre sa mission\u00a0\u00bb de pr\u00e9sident de l\u2019Assembl\u00e9e<\/p>\n","protected":false},"author":2,"featured_media":0,"comment_status":"open","ping_status":"closed","sticky":false,"template":"","format":"standard","meta":{"footnotes":""},"categories":[4],"tags":[],"class_list":["post-109889","post","type-post","status-publish","format-standard","hentry","category-french"],"_links":{"self":[{"href":"https:\/\/theworldwidejournal.com\/index.php?rest_route=\/wp\/v2\/posts\/109889","targetHints":{"allow":["GET"]}}],"collection":[{"href":"https:\/\/theworldwidejournal.com\/index.php?rest_route=\/wp\/v2\/posts"}],"about":[{"href":"https:\/\/theworldwidejournal.com\/index.php?rest_route=\/wp\/v2\/types\/post"}],"author":[{"embeddable":true,"href":"https:\/\/theworldwidejournal.com\/index.php?rest_route=\/wp\/v2\/users\/2"}],"replies":[{"embeddable":true,"href":"https:\/\/theworldwidejournal.com\/index.php?rest_route=%2Fwp%2Fv2%2Fcomments&post=109889"}],"version-history":[{"count":0,"href":"https:\/\/theworldwidejournal.com\/index.php?rest_route=\/wp\/v2\/posts\/109889\/revisions"}],"wp:attachment":[{"href":"https:\/\/theworldwidejournal.com\/index.php?rest_route=%2Fwp%2Fv2%2Fmedia&parent=109889"}],"wp:term":[{"taxonomy":"category","embeddable":true,"href":"https:\/\/theworldwidejournal.com\/index.php?rest_route=%2Fwp%2Fv2%2Fcategories&post=109889"},{"taxonomy":"post_tag","embeddable":true,"href":"https:\/\/theworldwidejournal.com\/index.php?rest_route=%2Fwp%2Fv2%2Ftags&post=109889"}],"curies":[{"name":"wp","href":"https:\/\/api.w.org\/{rel}","templated":true}]}}