{"id":10992,"date":"2017-10-15T15:16:46","date_gmt":"2017-10-15T13:16:46","guid":{"rendered":"https:\/\/theworldwidejournal.com\/2017\/10\/15\/austria-vota-bajo-la-expectativa-de-un-cambio-hacia-la-derecha\/"},"modified":"2017-10-15T15:16:46","modified_gmt":"2017-10-15T13:16:46","slug":"austria-vota-bajo-la-expectativa-de-un-cambio-hacia-la-derecha","status":"publish","type":"post","link":"https:\/\/theworldwidejournal.com\/?p=10992","title":{"rendered":"Austria vota bajo la expectativa de un cambio hacia la derecha"},"content":{"rendered":"<p>Austria vota este domingo en unas elecciones legislativas anticipadas que apuntan a un desplazamiento del electorado a la derecha y abren el escenario pol\u00edtico a la entrada en el Gobierno de la ultraderecha. Los dos grandes partidos,\u00a0socialdem\u00f3cratas y democristianos, gobiernan ahora juntos. El conservador Sebastian Kurz, de 31 a\u00f1os, ha encabezado desde mayo las encuestas con alrededor del 33% tras asumir el liderazgo de un partido (\u00d6VP) tradicional al que ha insuflado un aire de modernidad y expectativa de cambio. El joven ministro de Exteriores ha relegado las siglas negras del \u00d6VP, ahora de color turquesa, y ha centrado la campa\u00f1a en su persona para aprovechar la popularidad e imagen din\u00e1mica que ya atesoraba como miembro del Gobierno. Con un programa de mano dura con la inmigraci\u00f3n ilegal, su empuje ha dejado atr\u00e1s a socialdem\u00f3cratas (SP\u00d6) y a la ultraderecha (FP\u00d6), que con estimaciones que rondan el 25% pelean por el segundo puesto.Seguir leyendo.<br \/>\nVia: <a href=\"https:\/\/elpais.com\/internacional\/2017\/10\/15\/actualidad\/1508066776_728865.html#?ref=rss&#038;format=simple&#038;link=link\" target=\"_blank\">Austria vota bajo la expectativa de un cambio hacia la derecha<\/a><\/p>\n","protected":false},"excerpt":{"rendered":"<p>Austria vota este domingo en unas elecciones legislativas anticipadas que apuntan a un desplazamiento del electorado a la derecha y abren el escenario pol\u00edtico a la entrada en el Gobierno de la ultraderecha. Los dos grandes partidos,\u00a0socialdem\u00f3cratas y democristianos, gobiernan ahora juntos. El conservador Sebastian Kurz, de 31 a\u00f1os, ha [&hellip;]<\/p>\n","protected":false},"author":2,"featured_media":0,"comment_status":"open","ping_status":"closed","sticky":false,"template":"","format":"standard","meta":{"footnotes":""},"categories":[6],"tags":[],"class_list":["post-10992","post","type-post","status-publish","format-standard","hentry","category-spanish"],"_links":{"self":[{"href":"https:\/\/theworldwidejournal.com\/index.php?rest_route=\/wp\/v2\/posts\/10992","targetHints":{"allow":["GET"]}}],"collection":[{"href":"https:\/\/theworldwidejournal.com\/index.php?rest_route=\/wp\/v2\/posts"}],"about":[{"href":"https:\/\/theworldwidejournal.com\/index.php?rest_route=\/wp\/v2\/types\/post"}],"author":[{"embeddable":true,"href":"https:\/\/theworldwidejournal.com\/index.php?rest_route=\/wp\/v2\/users\/2"}],"replies":[{"embeddable":true,"href":"https:\/\/theworldwidejournal.com\/index.php?rest_route=%2Fwp%2Fv2%2Fcomments&post=10992"}],"version-history":[{"count":0,"href":"https:\/\/theworldwidejournal.com\/index.php?rest_route=\/wp\/v2\/posts\/10992\/revisions"}],"wp:attachment":[{"href":"https:\/\/theworldwidejournal.com\/index.php?rest_route=%2Fwp%2Fv2%2Fmedia&parent=10992"}],"wp:term":[{"taxonomy":"category","embeddable":true,"href":"https:\/\/theworldwidejournal.com\/index.php?rest_route=%2Fwp%2Fv2%2Fcategories&post=10992"},{"taxonomy":"post_tag","embeddable":true,"href":"https:\/\/theworldwidejournal.com\/index.php?rest_route=%2Fwp%2Fv2%2Ftags&post=10992"}],"curies":[{"name":"wp","href":"https:\/\/api.w.org\/{rel}","templated":true}]}}