{"id":10993,"date":"2017-10-15T14:44:41","date_gmt":"2017-10-15T12:44:41","guid":{"rendered":"https:\/\/theworldwidejournal.com\/2017\/10\/15\/puigdemont-la-democracia-sera-la-razon-de-nuestras-decisiones\/"},"modified":"2017-10-15T14:44:41","modified_gmt":"2017-10-15T12:44:41","slug":"puigdemont-la-democracia-sera-la-razon-de-nuestras-decisiones","status":"publish","type":"post","link":"https:\/\/theworldwidejournal.com\/?p=10993","title":{"rendered":"Puigdemont: \u201cLa democracia ser\u00e1 la raz\u00f3n de nuestras decisiones\u201d"},"content":{"rendered":"<p>El Gobierno catal\u00e1n en pleno, con el presidente Carles Puigdemont a la cabeza, ha participado esta ma\u00f1ana en la conmemoraci\u00f3n del aniversario n\u00famero 77 del fusilamiento de Llu\u00eds Companys, en el cementerio de Montju\u00efc de Barcelona. Puigdemont, en su primera aparici\u00f3n en p\u00fablico tras la fugaz declaraci\u00f3n de independencia del pasado martes, no ha entrado en detalles sobre c\u00f3mo responder\u00e1 ma\u00f1ana lunes al requerimiento del Gobierno central pero reiter\u00f3 su compromiso con que \u201cla paz y la democracia sean las razones de las decisiones que se han de tomar\u201d.Seguir leyendo.<br \/>\nVia: <a href=\"https:\/\/elpais.com\/ccaa\/2017\/10\/15\/catalunya\/1508054478_934138.html#?ref=rss&#038;format=simple&#038;link=link\" target=\"_blank\">Puigdemont: \u201cLa democracia ser\u00e1 la raz\u00f3n de nuestras decisiones\u201d<\/a><\/p>\n","protected":false},"excerpt":{"rendered":"<p>El Gobierno catal\u00e1n en pleno, con el presidente Carles Puigdemont a la cabeza, ha participado esta ma\u00f1ana en la conmemoraci\u00f3n del aniversario n\u00famero 77 del fusilamiento de Llu\u00eds Companys, en el cementerio de Montju\u00efc de Barcelona. Puigdemont, en su primera aparici\u00f3n en p\u00fablico tras la fugaz declaraci\u00f3n de independencia del [&hellip;]<\/p>\n","protected":false},"author":2,"featured_media":0,"comment_status":"open","ping_status":"closed","sticky":false,"template":"","format":"standard","meta":{"footnotes":""},"categories":[6],"tags":[],"class_list":["post-10993","post","type-post","status-publish","format-standard","hentry","category-spanish"],"_links":{"self":[{"href":"https:\/\/theworldwidejournal.com\/index.php?rest_route=\/wp\/v2\/posts\/10993","targetHints":{"allow":["GET"]}}],"collection":[{"href":"https:\/\/theworldwidejournal.com\/index.php?rest_route=\/wp\/v2\/posts"}],"about":[{"href":"https:\/\/theworldwidejournal.com\/index.php?rest_route=\/wp\/v2\/types\/post"}],"author":[{"embeddable":true,"href":"https:\/\/theworldwidejournal.com\/index.php?rest_route=\/wp\/v2\/users\/2"}],"replies":[{"embeddable":true,"href":"https:\/\/theworldwidejournal.com\/index.php?rest_route=%2Fwp%2Fv2%2Fcomments&post=10993"}],"version-history":[{"count":0,"href":"https:\/\/theworldwidejournal.com\/index.php?rest_route=\/wp\/v2\/posts\/10993\/revisions"}],"wp:attachment":[{"href":"https:\/\/theworldwidejournal.com\/index.php?rest_route=%2Fwp%2Fv2%2Fmedia&parent=10993"}],"wp:term":[{"taxonomy":"category","embeddable":true,"href":"https:\/\/theworldwidejournal.com\/index.php?rest_route=%2Fwp%2Fv2%2Fcategories&post=10993"},{"taxonomy":"post_tag","embeddable":true,"href":"https:\/\/theworldwidejournal.com\/index.php?rest_route=%2Fwp%2Fv2%2Ftags&post=10993"}],"curies":[{"name":"wp","href":"https:\/\/api.w.org\/{rel}","templated":true}]}}