{"id":109935,"date":"2019-09-11T23:53:56","date_gmt":"2019-09-11T21:53:56","guid":{"rendered":"https:\/\/theworldwidejournal.com\/2019\/09\/11\/la-desmovilizacion-de-las-bases-complica-la-respuesta-independentista-a-la-sentencia-del-proces\/"},"modified":"2019-09-11T23:53:56","modified_gmt":"2019-09-11T21:53:56","slug":"la-desmovilizacion-de-las-bases-complica-la-respuesta-independentista-a-la-sentencia-del-proces","status":"publish","type":"post","link":"https:\/\/theworldwidejournal.com\/?p=109935","title":{"rendered":"La desmovilizaci\u00f3n de las bases complica la respuesta independentista a la sentencia del \u2018proc\u00e9s\u2019"},"content":{"rendered":"<p>El movimiento independentista comprob\u00f3 este mi\u00e9rcoles que no es inmune a los enfrentamientos de los partidos pol\u00edticos que lo impulsan y protagoniz\u00f3 la manifestaci\u00f3n de la Diada menos numerosa desde que en 2012 dio comienzo el proceso secesionista. Meses de tensi\u00f3n entre las diferentes facciones soberanistas, desacuerdos notorios dentro del Gobierno catal\u00e1n y la falta de un plan com\u00fan para responder a una eventual condena de los l\u00edderes del proc\u00e9s deriv\u00f3 en una menor movilizaci\u00f3n en las calles de Barcelona. La Guardia Urbana cifr\u00f3 en 600.000 los manifestantes, una cifra sensiblemente inferior a la ofrecida otros a\u00f1os. La desmovilizaci\u00f3n de los bases a\u00f1ade complejidad a la respuesta que partidos soberanistas y entidades civiles est\u00e1n intentando consensuar a la sentencia del Tribunal Supremo.Seguir leyendo.<br \/>\nVia: <a href=\"https:\/\/elpais.com\/ccaa\/2019\/09\/11\/catalunya\/1568230218_831824.html#?ref=rss&#038;format=simple&#038;link=link\" target=\"_blank\">La desmovilizaci\u00f3n de las bases complica la respuesta independentista a la sentencia del \u2018proc\u00e9s\u2019<\/a><\/p>\n","protected":false},"excerpt":{"rendered":"<p>El movimiento independentista comprob\u00f3 este mi\u00e9rcoles que no es inmune a los enfrentamientos de los partidos pol\u00edticos que lo impulsan y protagoniz\u00f3 la manifestaci\u00f3n de la Diada menos numerosa desde que en 2012 dio comienzo el proceso secesionista. Meses de tensi\u00f3n entre las diferentes facciones soberanistas, desacuerdos notorios dentro del [&hellip;]<\/p>\n","protected":false},"author":2,"featured_media":0,"comment_status":"open","ping_status":"closed","sticky":false,"template":"","format":"standard","meta":{"footnotes":""},"categories":[6],"tags":[],"class_list":["post-109935","post","type-post","status-publish","format-standard","hentry","category-spanish"],"_links":{"self":[{"href":"https:\/\/theworldwidejournal.com\/index.php?rest_route=\/wp\/v2\/posts\/109935","targetHints":{"allow":["GET"]}}],"collection":[{"href":"https:\/\/theworldwidejournal.com\/index.php?rest_route=\/wp\/v2\/posts"}],"about":[{"href":"https:\/\/theworldwidejournal.com\/index.php?rest_route=\/wp\/v2\/types\/post"}],"author":[{"embeddable":true,"href":"https:\/\/theworldwidejournal.com\/index.php?rest_route=\/wp\/v2\/users\/2"}],"replies":[{"embeddable":true,"href":"https:\/\/theworldwidejournal.com\/index.php?rest_route=%2Fwp%2Fv2%2Fcomments&post=109935"}],"version-history":[{"count":0,"href":"https:\/\/theworldwidejournal.com\/index.php?rest_route=\/wp\/v2\/posts\/109935\/revisions"}],"wp:attachment":[{"href":"https:\/\/theworldwidejournal.com\/index.php?rest_route=%2Fwp%2Fv2%2Fmedia&parent=109935"}],"wp:term":[{"taxonomy":"category","embeddable":true,"href":"https:\/\/theworldwidejournal.com\/index.php?rest_route=%2Fwp%2Fv2%2Fcategories&post=109935"},{"taxonomy":"post_tag","embeddable":true,"href":"https:\/\/theworldwidejournal.com\/index.php?rest_route=%2Fwp%2Fv2%2Ftags&post=109935"}],"curies":[{"name":"wp","href":"https:\/\/api.w.org\/{rel}","templated":true}]}}