{"id":109941,"date":"2019-09-12T02:43:21","date_gmt":"2019-09-12T00:43:21","guid":{"rendered":"https:\/\/theworldwidejournal.com\/2019\/09\/12\/el-secesionismo-pierde-aire-en-la-diada-de-la-division\/"},"modified":"2019-09-12T02:43:21","modified_gmt":"2019-09-12T00:43:21","slug":"el-secesionismo-pierde-aire-en-la-diada-de-la-division","status":"publish","type":"post","link":"https:\/\/theworldwidejournal.com\/?p=109941","title":{"rendered":"El secesionismo pierde aire en la Diada de la divisi\u00f3n"},"content":{"rendered":"<p>Si la manifestaci\u00f3n de la Diada del 11 de septiembre es siempre un term\u00f3metro para calibrar el momento por el que pasa el movimiento independentista, la lectura de este a\u00f1o es di\u00e1fana: fractura estrat\u00e9gica y menos m\u00fasculo movilizador. Sensaci\u00f3n de fin de trayecto. A pocas semanas para conocerse la sentencia de los l\u00edderes del \u00abproc\u00e9s\u00bb juzgados en el Tribunal Supremo, el secesionismo se hab\u00eda conjurado para una jornada multitudinaria para resta\u00f1ar heridas, ganar la unidad que los partidos se empe\u00f1an en quebrar y comenzar a calentar la respuesta ante las previsibles condenas. Fracasaron, y aunque el centro de Barcelona volvi\u00f3 a llenarse con decenas de miles de personas venidas de toda Catalu\u00f1a, la realidad es que la cifra de participaci\u00f3n ofrecida por la Guardia Urbana -600.000 personas- es la m\u00e1s baja desde que en 2012 arrancase oficiosamente el \u00abproc\u00e9s\u00bb con la primera gran manifestaci\u00f3n de la Assemblea Nacional Catalana (ANC). Es un 40% menos que la Diada de 2018 -siempre seg\u00fan cifras de la polic\u00eda local-, y mucho m\u00e1s lejos de los 1,8 millones de la de 2014, la m\u00e1s importante, cuando el independentismo llen\u00f3 la Gran V\u00eda y la Diagonal en v\u00edsperas del 9-N. La realidad es otra ahora. El colorido, el ambiente festivo y la repetici\u00f3n de escenas tantos a\u00f1os vistas conduc\u00edan ayer a cierta sensaci\u00f3n de Diada desva\u00edda, de ejercicio rutinario, agotado, en ning\u00fan caso el nervio de otros a\u00f1os, aquella percepci\u00f3n a pie de calle de que una gran movilizaci\u00f3n pod\u00eda cambiar el curso, si no de la historia, al menos s\u00ed de las decisiones del gobierno catal\u00e1n. La Diada de 2014 empuj\u00f3 hacia la consulta del 9-N (\u00ab\u00a1presidente, ponga las urnas!\u00bb, le grit\u00f3 Forcadell a Mas) y la de 2017 allan\u00f3 el camino para el 1-O. La de 2019 no sirvi\u00f3 ni para cuajar una m\u00ednima estrategia com\u00fan para responder a la sentencia del TS: la divisi\u00f3n entre unilateralistas y gradualistas -JpC y ANC por un lado, ERC y \u00d2mnium por otro- sigue m\u00e1s viva que nunca. M\u00ednimo com\u00fan Se hizo evidente cuando Elisenda Paluzie, presidente de la ANC, asegur\u00f3 en su discurso que \u00abnosotros ya no ponemos plazos, hemos aprendido de los errores del pasado, pero que la expectativa de un di\u00e1logo que nunca llega no nos vuelva a hacer perder oportunidades\u00bb, lo que se ley\u00f3 com una enmienda a la l\u00ednea estrat\u00e9gica planteada por ERC, a cuyos dirigentes no dejaron de gritarles \u00abunidad, unidad\u00bb los manifestantes. Por la ma\u00f1ana, \u00d2mnium consegu\u00eda sumar a los comunes en un acto a favor de la absoluci\u00f3n de los presos, ahora mismo el m\u00ednimo com\u00fan que une al espectro soberanista: solo la petici\u00f3n de aminist\u00eda parece ahora una demanda capaz de agrandar mayor\u00edas. A \u00faltima hora se registraron incidentes frente el Parlamento catal\u00e1n y la CUP quem\u00f3 fotos del Rey y de Emmanuel Macron. Fin de trayecto.<br \/>\nVia: <a href=\"https:\/\/www.abc.es\/espana\/abci-secesionismo-pierde-aire-diada-division-201909120243_noticia.html\" target=\"_blank\">El secesionismo pierde aire en la Diada de la divisi\u00f3n<\/a><\/p>\n","protected":false},"excerpt":{"rendered":"<p>Si la manifestaci\u00f3n de la Diada del 11 de septiembre es siempre un term\u00f3metro para calibrar el momento por el que pasa el movimiento independentista, la lectura de este a\u00f1o es di\u00e1fana: fractura estrat\u00e9gica y menos m\u00fasculo movilizador. Sensaci\u00f3n de fin de trayecto. A pocas semanas para conocerse la sentencia [&hellip;]<\/p>\n","protected":false},"author":2,"featured_media":109942,"comment_status":"open","ping_status":"closed","sticky":false,"template":"","format":"standard","meta":{"footnotes":""},"categories":[6],"tags":[],"class_list":["post-109941","post","type-post","status-publish","format-standard","has-post-thumbnail","hentry","category-spanish"],"_links":{"self":[{"href":"https:\/\/theworldwidejournal.com\/index.php?rest_route=\/wp\/v2\/posts\/109941","targetHints":{"allow":["GET"]}}],"collection":[{"href":"https:\/\/theworldwidejournal.com\/index.php?rest_route=\/wp\/v2\/posts"}],"about":[{"href":"https:\/\/theworldwidejournal.com\/index.php?rest_route=\/wp\/v2\/types\/post"}],"author":[{"embeddable":true,"href":"https:\/\/theworldwidejournal.com\/index.php?rest_route=\/wp\/v2\/users\/2"}],"replies":[{"embeddable":true,"href":"https:\/\/theworldwidejournal.com\/index.php?rest_route=%2Fwp%2Fv2%2Fcomments&post=109941"}],"version-history":[{"count":0,"href":"https:\/\/theworldwidejournal.com\/index.php?rest_route=\/wp\/v2\/posts\/109941\/revisions"}],"wp:featuredmedia":[{"embeddable":true,"href":"https:\/\/theworldwidejournal.com\/index.php?rest_route=\/wp\/v2\/media\/109942"}],"wp:attachment":[{"href":"https:\/\/theworldwidejournal.com\/index.php?rest_route=%2Fwp%2Fv2%2Fmedia&parent=109941"}],"wp:term":[{"taxonomy":"category","embeddable":true,"href":"https:\/\/theworldwidejournal.com\/index.php?rest_route=%2Fwp%2Fv2%2Fcategories&post=109941"},{"taxonomy":"post_tag","embeddable":true,"href":"https:\/\/theworldwidejournal.com\/index.php?rest_route=%2Fwp%2Fv2%2Ftags&post=109941"}],"curies":[{"name":"wp","href":"https:\/\/api.w.org\/{rel}","templated":true}]}}